{"id":23073,"date":"2026-03-13T07:19:00","date_gmt":"2026-03-13T07:19:00","guid":{"rendered":"https:\/\/www.abchukuk.com\/index.php\/2026\/03\/13\/istanbulda-depoya-yonelik-kursunlama-olayinda-2-supheli-gozaltina-alindi\/"},"modified":"2026-03-13T07:19:00","modified_gmt":"2026-03-13T07:19:00","slug":"istanbulda-depoya-yonelik-kursunlama-olayinda-2-supheli-gozaltina-alindi","status":"publish","type":"post","link":"https:\/\/www.abchukuk.com\/index.php\/2026\/03\/13\/istanbulda-depoya-yonelik-kursunlama-olayinda-2-supheli-gozaltina-alindi\/","title":{"rendered":"\u0130stanbul&#8217;da depoya y\u00f6nelik kur\u015funlama olay\u0131nda 2 \u015f\u00fcpheli g\u00f6zalt\u0131na al\u0131nd\u0131"},"content":{"rendered":"<p>\u0130stanbul Cumhuriyet Ba\u015fsavc\u0131l\u0131\u011f\u0131\u2019n\u0131n y\u00fcr\u00fctt\u00fc\u011f\u00fc soru\u015fturma kapsam\u0131nda, Ey\u00fcp K\u0131z\u0131l\u2019\u0131n tehdit edilmesi ve Sultangazi\u2019de bir depoya y\u00f6nelik kur\u015funlama olay\u0131na ili\u015fkin d\u00fczenlenen operasyonda 2 \u015f\u00fcpheli g\u00f6zalt\u0131na al\u0131nd\u0131. Firari 2 \u015f\u00fcphelinin yakalanmas\u0131 i\u00e7in \u00e7al\u0131\u015fmalar s\u00fcr\u00fcyor.\u0130stanbul Cumhuriyet Ba\u015fsavc\u0131l\u0131\u011f\u0131\u2019n\u0131n y\u00fcr\u00fctt\u00fc\u011f\u00fc soru\u015fturma kapsam\u0131nda, Ey\u00fcp K\u0131z\u0131l\u2019\u0131n tehdit edilmesi ve Sultangazi\u2019de bir depoya y\u00f6nelik kur\u015funlama olay\u0131na ili\u015fkin d\u00fczenlenen operasyonda 2 \u015f\u00fcpheli g\u00f6zalt\u0131na al\u0131nd\u0131. Firari 2 \u015f\u00fcphelinin yakalanmas\u0131 i\u00e7in \u00e7al\u0131\u015fmalar s\u00fcr\u00fcyor.\u00a0<a href=\"https:\/\/www.cumhuriyet.com.tr\/turkiye\/istanbul-da-depoya-yonelik-kursunlama-olayinda-2-supheli-gozaltina-alindi-2486432\" target=\"_blank\" class=\"feedzy-rss-link-icon\">Read More<\/a><\/p>","protected":false},"excerpt":{"rendered":"<p>\u0130stanbul Cumhuriyet Ba\u015fsavc\u0131l\u0131\u011f\u0131\u2019n\u0131n y\u00fcr\u00fctt\u00fc\u011f\u00fc soru\u015fturma kapsam\u0131nda, Ey\u00fcp K\u0131z\u0131l\u2019\u0131n tehdit edilmesi ve Sultangazi\u2019de bir depoya y\u00f6nelik kur\u015funlama olay\u0131na ili\u015fkin d\u00fczenlenen operasyonda 2 \u015f\u00fcpheli g\u00f6zalt\u0131na al\u0131nd\u0131. Firari 2 \u015f\u00fcphelinin yakalanmas\u0131 i\u00e7in \u00e7al\u0131\u015fmalar s\u00fcr\u00fcyor.\u0130stanbul Cumhuriyet Ba\u015fsavc\u0131l\u0131\u011f\u0131\u2019n\u0131n y\u00fcr\u00fctt\u00fc\u011f\u00fc soru\u015fturma kapsam\u0131nda, Ey\u00fcp K\u0131z\u0131l\u2019\u0131n tehdit edilmesi ve Sultangazi\u2019de bir depoya y\u00f6nelik kur\u015funlama olay\u0131na ili\u015fkin d\u00fczenlenen operasyonda 2 \u015f\u00fcpheli g\u00f6zalt\u0131na al\u0131nd\u0131. Firari [&hellip;]<\/p>\n","protected":false},"author":1,"featured_media":23074,"comment_status":"open","ping_status":"open","sticky":false,"template":"","format":"standard","meta":{"footnotes":"","_links_to":"","_links_to_target":""},"categories":[1],"tags":[],"class_list":["post-23073","post","type-post","status-publish","format-standard","has-post-thumbnail","hentry","category-haberler"],"_links":{"self":[{"href":"https:\/\/www.abchukuk.com\/index.php\/wp-json\/wp\/v2\/posts\/23073","targetHints":{"allow":["GET"]}}],"collection":[{"href":"https:\/\/www.abchukuk.com\/index.php\/wp-json\/wp\/v2\/posts"}],"about":[{"href":"https:\/\/www.abchukuk.com\/index.php\/wp-json\/wp\/v2\/types\/post"}],"author":[{"embeddable":true,"href":"https:\/\/www.abchukuk.com\/index.php\/wp-json\/wp\/v2\/users\/1"}],"replies":[{"embeddable":true,"href":"https:\/\/www.abchukuk.com\/index.php\/wp-json\/wp\/v2\/comments?post=23073"}],"version-history":[{"count":0,"href":"https:\/\/www.abchukuk.com\/index.php\/wp-json\/wp\/v2\/posts\/23073\/revisions"}],"wp:featuredmedia":[{"embeddable":true,"href":"https:\/\/www.abchukuk.com\/index.php\/wp-json\/wp\/v2\/media\/23074"}],"wp:attachment":[{"href":"https:\/\/www.abchukuk.com\/index.php\/wp-json\/wp\/v2\/media?parent=23073"}],"wp:term":[{"taxonomy":"category","embeddable":true,"href":"https:\/\/www.abchukuk.com\/index.php\/wp-json\/wp\/v2\/categories?post=23073"},{"taxonomy":"post_tag","embeddable":true,"href":"https:\/\/www.abchukuk.com\/index.php\/wp-json\/wp\/v2\/tags?post=23073"}],"curies":[{"name":"wp","href":"https:\/\/api.w.org\/{rel}","templated":true}]}}