{"id":23071,"date":"2026-03-13T07:32:00","date_gmt":"2026-03-13T07:32:00","guid":{"rendered":"https:\/\/www.abchukuk.com\/index.php\/2026\/03\/13\/kusadasi-belediye-baskani-omer-gunel-kimdir-omer-gunel-nereli-kac-yasinda-omer-gunel-neden-gozaltina-alindi\/"},"modified":"2026-03-13T07:32:00","modified_gmt":"2026-03-13T07:32:00","slug":"kusadasi-belediye-baskani-omer-gunel-kimdir-omer-gunel-nereli-kac-yasinda-omer-gunel-neden-gozaltina-alindi","status":"publish","type":"post","link":"https:\/\/www.abchukuk.com\/index.php\/2026\/03\/13\/kusadasi-belediye-baskani-omer-gunel-kimdir-omer-gunel-nereli-kac-yasinda-omer-gunel-neden-gozaltina-alindi\/","title":{"rendered":"Ku\u015fadas\u0131 Belediye Ba\u015fkan\u0131 \u00d6mer G\u00fcnel kimdir?  \u00d6mer G\u00fcnel nereli, ka\u00e7 ya\u015f\u0131nda? \u00d6mer G\u00fcnel neden g\u00f6zalt\u0131na al\u0131nd\u0131?"},"content":{"rendered":"<p>Ku\u015fadas\u0131 Belediye Ba\u015fkan\u0131 \u00d6mer G\u00fcnel sabah saatlerinde g\u00f6zalt\u0131na al\u0131nd\u0131. Ku\u015fadas\u0131 Belediye Ba\u015fkan\u0131 \u00d6mer G\u00fcnel kimdir?  \u00d6mer G\u00fcnel nereli, ka\u00e7 ya\u015f\u0131nda? \u00d6mer G\u00fcnel neden g\u00f6zalt\u0131na al\u0131nd\u0131?Ku\u015fadas\u0131 Belediye Ba\u015fkan\u0131 \u00d6mer G\u00fcnel sabah saatlerinde g\u00f6zalt\u0131na al\u0131nd\u0131. Ku\u015fadas\u0131 Belediye Ba\u015fkan\u0131 \u00d6mer G\u00fcnel kimdir?  \u00d6mer G\u00fcnel nereli, ka\u00e7 ya\u015f\u0131nda? \u00d6mer G\u00fcnel neden g\u00f6zalt\u0131na al\u0131nd\u0131?\u00a0<a href=\"https:\/\/www.cumhuriyet.com.tr\/siyaset\/kusadasi-belediye-baskani-omer-gunel-kimdir-omer-gunel-nereli-kac-yasinda-omer-gunel-neden-gozaltina-alindi-2486439\" target=\"_blank\" class=\"feedzy-rss-link-icon\">Read More<\/a><\/p>","protected":false},"excerpt":{"rendered":"<p>Ku\u015fadas\u0131 Belediye Ba\u015fkan\u0131 \u00d6mer G\u00fcnel sabah saatlerinde g\u00f6zalt\u0131na al\u0131nd\u0131. Ku\u015fadas\u0131 Belediye Ba\u015fkan\u0131 \u00d6mer G\u00fcnel kimdir? \u00d6mer G\u00fcnel nereli, ka\u00e7 ya\u015f\u0131nda? \u00d6mer G\u00fcnel neden g\u00f6zalt\u0131na al\u0131nd\u0131?Ku\u015fadas\u0131 Belediye Ba\u015fkan\u0131 \u00d6mer G\u00fcnel sabah saatlerinde g\u00f6zalt\u0131na al\u0131nd\u0131. Ku\u015fadas\u0131 Belediye Ba\u015fkan\u0131 \u00d6mer G\u00fcnel kimdir? \u00d6mer G\u00fcnel nereli, ka\u00e7 ya\u015f\u0131nda? \u00d6mer G\u00fcnel neden g\u00f6zalt\u0131na al\u0131nd\u0131?\u00a0Read More<\/p>\n","protected":false},"author":1,"featured_media":23072,"comment_status":"open","ping_status":"open","sticky":false,"template":"","format":"standard","meta":{"footnotes":"","_links_to":"","_links_to_target":""},"categories":[1],"tags":[],"class_list":["post-23071","post","type-post","status-publish","format-standard","has-post-thumbnail","hentry","category-haberler"],"_links":{"self":[{"href":"https:\/\/www.abchukuk.com\/index.php\/wp-json\/wp\/v2\/posts\/23071","targetHints":{"allow":["GET"]}}],"collection":[{"href":"https:\/\/www.abchukuk.com\/index.php\/wp-json\/wp\/v2\/posts"}],"about":[{"href":"https:\/\/www.abchukuk.com\/index.php\/wp-json\/wp\/v2\/types\/post"}],"author":[{"embeddable":true,"href":"https:\/\/www.abchukuk.com\/index.php\/wp-json\/wp\/v2\/users\/1"}],"replies":[{"embeddable":true,"href":"https:\/\/www.abchukuk.com\/index.php\/wp-json\/wp\/v2\/comments?post=23071"}],"version-history":[{"count":0,"href":"https:\/\/www.abchukuk.com\/index.php\/wp-json\/wp\/v2\/posts\/23071\/revisions"}],"wp:featuredmedia":[{"embeddable":true,"href":"https:\/\/www.abchukuk.com\/index.php\/wp-json\/wp\/v2\/media\/23072"}],"wp:attachment":[{"href":"https:\/\/www.abchukuk.com\/index.php\/wp-json\/wp\/v2\/media?parent=23071"}],"wp:term":[{"taxonomy":"category","embeddable":true,"href":"https:\/\/www.abchukuk.com\/index.php\/wp-json\/wp\/v2\/categories?post=23071"},{"taxonomy":"post_tag","embeddable":true,"href":"https:\/\/www.abchukuk.com\/index.php\/wp-json\/wp\/v2\/tags?post=23071"}],"curies":[{"name":"wp","href":"https:\/\/api.w.org\/{rel}","templated":true}]}}