{"id":23066,"date":"2026-03-13T08:11:17","date_gmt":"2026-03-13T08:11:17","guid":{"rendered":"https:\/\/www.abchukuk.com\/index.php\/2026\/03\/13\/hsk-genel-kurul-tamamlandi-iste-yargitaya-secilen-8-yeni-uye\/"},"modified":"2026-03-13T08:11:17","modified_gmt":"2026-03-13T08:11:17","slug":"hsk-genel-kurul-tamamlandi-iste-yargitaya-secilen-8-yeni-uye","status":"publish","type":"post","link":"https:\/\/www.abchukuk.com\/index.php\/2026\/03\/13\/hsk-genel-kurul-tamamlandi-iste-yargitaya-secilen-8-yeni-uye\/","title":{"rendered":"HSK Genel Kurul tamamland\u0131! \u0130\u015fte Yarg\u0131tay\u2019a se\u00e7ilen 8 yeni \u00fcye"},"content":{"rendered":"<p>Yarg\u0131tay b\u00fcnyesinde g\u00f6rev s\u00fcrelerini tamamlayan veya ya\u015f haddinden emekliye ayr\u0131lan 16 \u00fcyenin ard\u0131ndan, HSK Genel Kurulu Adalet Bakan\u0131 Ak\u0131n G\u00fcrlek Ba\u015fkanl\u0131\u011f\u0131nda toplanarak 8 yeni \u00fcye se\u00e7imi ger\u00e7ekle\u015ftirdi.<\/p>\n<p>\u0130\u015eTE YEN\u0130 YARGITAY \u00dcYELER\u0130<\/p>\n<p>SONTV, Yarg\u0131tay \u00fcyeli\u011fine se\u00e7ilen 8 yeni isme ula\u015ft\u0131. HSK taraf\u0131ndan se\u00e7ilen isimler \u015f\u00f6yle;<\/p>\n<p>1-Tolgahan \u00d6ztoprak-Kayseri BAM Ba\u015fsavc\u0131s\u0131<\/p>\n<p>2-H\u00fcseyin K\u00fcr\u015fad Serbes-Yarg\u0131tay Savc\u0131s\u0131<\/p>\n<p>3-\u0130brahim Acarl\u0131-Yarg\u0131tay Tetkik Hakimi<\/p>\n<p>4-Niyazi Acar-Adalet Bakanl\u0131\u011f\u0131 Eski Bakan Yard\u0131mc\u0131s\u0131<\/p>\n<p>5-Ahmet Kaya-\u0130stanbul Anadolu Komisyon Ba\u015fkan\u0131<\/p>\n<p>6-Bekir Altun-Adalet Akademisi Ba\u015fkan\u0131<\/p>\n<p>7-\u00c7imen Atacan Tuna-B\u00fcy\u00fck\u00e7ekmece Hakimi<\/p>\n<p>8-Musa Kan\u0131c\u0131-Adalet Bakanl\u0131\u011f\u0131 Y\u00fcksek M\u00fc\u015faviri<\/p>\n<p>\u00a0<\/p>\n<p>\u00a0<\/p>\n<p>Yarg\u0131tay\u2019da 16 ismin emekliye ayr\u0131lmas\u0131n\u0131n ard\u0131ndan HSK\u2019da d\u00fczenlenen 8 yeni isim Yarg\u0131tay \u00fcyeli\u011fine se\u00e7ildi. \u0130\u015fte o isimler ilk kez SONTV\u2019de\u00a0<a href=\"https:\/\/www.son.tv\/hsk-genel-kurul-tamamlandi-iste-yargitaya-secilen-8-yeni-uye\/\" target=\"_blank\" class=\"feedzy-rss-link-icon\">Read More<\/a><\/p>","protected":false},"excerpt":{"rendered":"<p>Yarg\u0131tay b\u00fcnyesinde g\u00f6rev s\u00fcrelerini tamamlayan veya ya\u015f haddinden emekliye ayr\u0131lan 16 \u00fcyenin ard\u0131ndan, HSK Genel Kurulu Adalet Bakan\u0131 Ak\u0131n G\u00fcrlek Ba\u015fkanl\u0131\u011f\u0131nda toplanarak 8 yeni \u00fcye se\u00e7imi ger\u00e7ekle\u015ftirdi. \u0130\u015eTE YEN\u0130 YARGITAY \u00dcYELER\u0130 SONTV, Yarg\u0131tay \u00fcyeli\u011fine se\u00e7ilen 8 yeni isme ula\u015ft\u0131. HSK taraf\u0131ndan se\u00e7ilen isimler \u015f\u00f6yle; 1-Tolgahan \u00d6ztoprak-Kayseri BAM Ba\u015fsavc\u0131s\u0131 2-H\u00fcseyin K\u00fcr\u015fad Serbes-Yarg\u0131tay Savc\u0131s\u0131 3-\u0130brahim Acarl\u0131-Yarg\u0131tay Tetkik [&hellip;]<\/p>\n","protected":false},"author":1,"featured_media":0,"comment_status":"open","ping_status":"open","sticky":false,"template":"","format":"standard","meta":{"footnotes":"","_links_to":"","_links_to_target":""},"categories":[1],"tags":[],"class_list":["post-23066","post","type-post","status-publish","format-standard","hentry","category-haberler"],"_links":{"self":[{"href":"https:\/\/www.abchukuk.com\/index.php\/wp-json\/wp\/v2\/posts\/23066","targetHints":{"allow":["GET"]}}],"collection":[{"href":"https:\/\/www.abchukuk.com\/index.php\/wp-json\/wp\/v2\/posts"}],"about":[{"href":"https:\/\/www.abchukuk.com\/index.php\/wp-json\/wp\/v2\/types\/post"}],"author":[{"embeddable":true,"href":"https:\/\/www.abchukuk.com\/index.php\/wp-json\/wp\/v2\/users\/1"}],"replies":[{"embeddable":true,"href":"https:\/\/www.abchukuk.com\/index.php\/wp-json\/wp\/v2\/comments?post=23066"}],"version-history":[{"count":0,"href":"https:\/\/www.abchukuk.com\/index.php\/wp-json\/wp\/v2\/posts\/23066\/revisions"}],"wp:attachment":[{"href":"https:\/\/www.abchukuk.com\/index.php\/wp-json\/wp\/v2\/media?parent=23066"}],"wp:term":[{"taxonomy":"category","embeddable":true,"href":"https:\/\/www.abchukuk.com\/index.php\/wp-json\/wp\/v2\/categories?post=23066"},{"taxonomy":"post_tag","embeddable":true,"href":"https:\/\/www.abchukuk.com\/index.php\/wp-json\/wp\/v2\/tags?post=23066"}],"curies":[{"name":"wp","href":"https:\/\/api.w.org\/{rel}","templated":true}]}}