{"id":23061,"date":"2026-03-13T08:32:00","date_gmt":"2026-03-13T08:32:00","guid":{"rendered":"https:\/\/www.abchukuk.com\/index.php\/2026\/03\/13\/kusadasi-belediye-baskani-omer-gunel-gozaltina-alindi-yurttaslar-belediye-onunde-toplaniyor\/"},"modified":"2026-03-13T08:32:00","modified_gmt":"2026-03-13T08:32:00","slug":"kusadasi-belediye-baskani-omer-gunel-gozaltina-alindi-yurttaslar-belediye-onunde-toplaniyor","status":"publish","type":"post","link":"https:\/\/www.abchukuk.com\/index.php\/2026\/03\/13\/kusadasi-belediye-baskani-omer-gunel-gozaltina-alindi-yurttaslar-belediye-onunde-toplaniyor\/","title":{"rendered":"Ku\u015fadas\u0131 Belediye Ba\u015fkan\u0131 \u00d6mer G\u00fcnel g\u00f6zalt\u0131na al\u0131nd\u0131: Yurtta\u015flar belediye \u00f6n\u00fcnde toplan\u0131yor!"},"content":{"rendered":"<p>Ku\u015fadas\u0131 Belediye Ba\u015fkan\u0131 \u00d6mer G\u00fcnel\u2019in \u0130stanbul Cumhuriyet Ba\u015fsavc\u0131l\u0131\u011f\u0131 taraf\u0131ndan y\u00fcr\u00fct\u00fclen soru\u015fturma kapsam\u0131nda g\u00f6zalt\u0131na al\u0131nmas\u0131n\u0131n ard\u0131ndan yurtta\u015flar, Ku\u015fadas\u0131 Belediyesi \u00f6n\u00fcnde toplanmaya ba\u015flad\u0131.Ku\u015fadas\u0131 Belediye Ba\u015fkan\u0131 \u00d6mer G\u00fcnel\u2019in \u0130stanbul Cumhuriyet Ba\u015fsavc\u0131l\u0131\u011f\u0131 taraf\u0131ndan y\u00fcr\u00fct\u00fclen soru\u015fturma kapsam\u0131nda g\u00f6zalt\u0131na al\u0131nmas\u0131n\u0131n ard\u0131ndan yurtta\u015flar, Ku\u015fadas\u0131 Belediyesi \u00f6n\u00fcnde toplanmaya ba\u015flad\u0131.\u00a0<a href=\"https:\/\/www.cumhuriyet.com.tr\/turkiye\/kusadasi-belediye-baskani-omer-gunel-gozaltina-alindi-yurttaslar-belediye-onunde-toplaniyor-2486455\" target=\"_blank\" class=\"feedzy-rss-link-icon\">Read More<\/a><\/p>","protected":false},"excerpt":{"rendered":"<p>Ku\u015fadas\u0131 Belediye Ba\u015fkan\u0131 \u00d6mer G\u00fcnel\u2019in \u0130stanbul Cumhuriyet Ba\u015fsavc\u0131l\u0131\u011f\u0131 taraf\u0131ndan y\u00fcr\u00fct\u00fclen soru\u015fturma kapsam\u0131nda g\u00f6zalt\u0131na al\u0131nmas\u0131n\u0131n ard\u0131ndan yurtta\u015flar, Ku\u015fadas\u0131 Belediyesi \u00f6n\u00fcnde toplanmaya ba\u015flad\u0131.Ku\u015fadas\u0131 Belediye Ba\u015fkan\u0131 \u00d6mer G\u00fcnel\u2019in \u0130stanbul Cumhuriyet Ba\u015fsavc\u0131l\u0131\u011f\u0131 taraf\u0131ndan y\u00fcr\u00fct\u00fclen soru\u015fturma kapsam\u0131nda g\u00f6zalt\u0131na al\u0131nmas\u0131n\u0131n ard\u0131ndan yurtta\u015flar, Ku\u015fadas\u0131 Belediyesi \u00f6n\u00fcnde toplanmaya ba\u015flad\u0131.\u00a0Read More<\/p>\n","protected":false},"author":1,"featured_media":23062,"comment_status":"open","ping_status":"open","sticky":false,"template":"","format":"standard","meta":{"footnotes":"","_links_to":"","_links_to_target":""},"categories":[1],"tags":[],"class_list":["post-23061","post","type-post","status-publish","format-standard","has-post-thumbnail","hentry","category-haberler"],"_links":{"self":[{"href":"https:\/\/www.abchukuk.com\/index.php\/wp-json\/wp\/v2\/posts\/23061","targetHints":{"allow":["GET"]}}],"collection":[{"href":"https:\/\/www.abchukuk.com\/index.php\/wp-json\/wp\/v2\/posts"}],"about":[{"href":"https:\/\/www.abchukuk.com\/index.php\/wp-json\/wp\/v2\/types\/post"}],"author":[{"embeddable":true,"href":"https:\/\/www.abchukuk.com\/index.php\/wp-json\/wp\/v2\/users\/1"}],"replies":[{"embeddable":true,"href":"https:\/\/www.abchukuk.com\/index.php\/wp-json\/wp\/v2\/comments?post=23061"}],"version-history":[{"count":0,"href":"https:\/\/www.abchukuk.com\/index.php\/wp-json\/wp\/v2\/posts\/23061\/revisions"}],"wp:featuredmedia":[{"embeddable":true,"href":"https:\/\/www.abchukuk.com\/index.php\/wp-json\/wp\/v2\/media\/23062"}],"wp:attachment":[{"href":"https:\/\/www.abchukuk.com\/index.php\/wp-json\/wp\/v2\/media?parent=23061"}],"wp:term":[{"taxonomy":"category","embeddable":true,"href":"https:\/\/www.abchukuk.com\/index.php\/wp-json\/wp\/v2\/categories?post=23061"},{"taxonomy":"post_tag","embeddable":true,"href":"https:\/\/www.abchukuk.com\/index.php\/wp-json\/wp\/v2\/tags?post=23061"}],"curies":[{"name":"wp","href":"https:\/\/api.w.org\/{rel}","templated":true}]}}