{"id":23059,"date":"2026-03-13T08:35:00","date_gmt":"2026-03-13T08:35:00","guid":{"rendered":"https:\/\/www.abchukuk.com\/index.php\/2026\/03\/13\/sarachane-protestolari-paylasimlari-dava-gerekcesi-olmustu-ev-baskiniyla-gozaltina-alinan-o-ogrenci-hakkinda-beraat-karari-haksiz-gozaltina-alindigi-icin-tazminat\/"},"modified":"2026-03-13T08:35:00","modified_gmt":"2026-03-13T08:35:00","slug":"sarachane-protestolari-paylasimlari-dava-gerekcesi-olmustu-ev-baskiniyla-gozaltina-alinan-o-ogrenci-hakkinda-beraat-karari-haksiz-gozaltina-alindigi-icin-tazminat","status":"publish","type":"post","link":"https:\/\/www.abchukuk.com\/index.php\/2026\/03\/13\/sarachane-protestolari-paylasimlari-dava-gerekcesi-olmustu-ev-baskiniyla-gozaltina-alinan-o-ogrenci-hakkinda-beraat-karari-haksiz-gozaltina-alindigi-icin-tazminat\/","title":{"rendered":"Sara\u00e7hane protestolar\u0131 payla\u015f\u0131mlar\u0131 dava gerek\u00e7esi olmu\u015ftu: Ev bask\u0131n\u0131yla g\u00f6zalt\u0131na al\u0131nan o \u00f6\u011frenci hakk\u0131nda beraat karar\u0131! &#8216;Haks\u0131z g\u00f6zalt\u0131na al\u0131nd\u0131\u011f\u0131 i\u00e7in tazminat&#8230;&#8217;"},"content":{"rendered":"<p>Sara\u00e7hane protestolar\u0131na y\u00f6nelik yarg\u0131lamalar s\u00fcr\u00fcyor. Protestolar s\u0131ras\u0131nda sosyal medya hesab\u0131ndan yapt\u0131\u011f\u0131 payla\u015f\u0131mlar nedeniyle yarg\u0131lanan K.G. hakk\u0131nda mahkeme beraat karar\u0131 verdi.Sara\u00e7hane protestolar\u0131na y\u00f6nelik yarg\u0131lamalar s\u00fcr\u00fcyor. Protestolar s\u0131ras\u0131nda sosyal medya hesab\u0131ndan yapt\u0131\u011f\u0131 payla\u015f\u0131mlar nedeniyle yarg\u0131lanan K.G. hakk\u0131nda mahkeme beraat karar\u0131 verdi.\u00a0<a href=\"https:\/\/www.cumhuriyet.com.tr\/siyaset\/sarachane-protestolari-paylasimlari-dava-gerekcesi-olmustu-ev-baskiniyla-gozaltina-alinan-o-ogrenci-hakkinda-beraat-karari-haksiz-gozaltina-alindigi-icin-tazminat-2486456\" target=\"_blank\" class=\"feedzy-rss-link-icon\">Read More<\/a><\/p>","protected":false},"excerpt":{"rendered":"<p>Sara\u00e7hane protestolar\u0131na y\u00f6nelik yarg\u0131lamalar s\u00fcr\u00fcyor. Protestolar s\u0131ras\u0131nda sosyal medya hesab\u0131ndan yapt\u0131\u011f\u0131 payla\u015f\u0131mlar nedeniyle yarg\u0131lanan K.G. hakk\u0131nda mahkeme beraat karar\u0131 verdi.Sara\u00e7hane protestolar\u0131na y\u00f6nelik yarg\u0131lamalar s\u00fcr\u00fcyor. Protestolar s\u0131ras\u0131nda sosyal medya hesab\u0131ndan yapt\u0131\u011f\u0131 payla\u015f\u0131mlar nedeniyle yarg\u0131lanan K.G. hakk\u0131nda mahkeme beraat karar\u0131 verdi.\u00a0Read More<\/p>\n","protected":false},"author":1,"featured_media":23060,"comment_status":"open","ping_status":"open","sticky":false,"template":"","format":"standard","meta":{"footnotes":"","_links_to":"","_links_to_target":""},"categories":[1],"tags":[],"class_list":["post-23059","post","type-post","status-publish","format-standard","has-post-thumbnail","hentry","category-haberler"],"_links":{"self":[{"href":"https:\/\/www.abchukuk.com\/index.php\/wp-json\/wp\/v2\/posts\/23059","targetHints":{"allow":["GET"]}}],"collection":[{"href":"https:\/\/www.abchukuk.com\/index.php\/wp-json\/wp\/v2\/posts"}],"about":[{"href":"https:\/\/www.abchukuk.com\/index.php\/wp-json\/wp\/v2\/types\/post"}],"author":[{"embeddable":true,"href":"https:\/\/www.abchukuk.com\/index.php\/wp-json\/wp\/v2\/users\/1"}],"replies":[{"embeddable":true,"href":"https:\/\/www.abchukuk.com\/index.php\/wp-json\/wp\/v2\/comments?post=23059"}],"version-history":[{"count":0,"href":"https:\/\/www.abchukuk.com\/index.php\/wp-json\/wp\/v2\/posts\/23059\/revisions"}],"wp:featuredmedia":[{"embeddable":true,"href":"https:\/\/www.abchukuk.com\/index.php\/wp-json\/wp\/v2\/media\/23060"}],"wp:attachment":[{"href":"https:\/\/www.abchukuk.com\/index.php\/wp-json\/wp\/v2\/media?parent=23059"}],"wp:term":[{"taxonomy":"category","embeddable":true,"href":"https:\/\/www.abchukuk.com\/index.php\/wp-json\/wp\/v2\/categories?post=23059"},{"taxonomy":"post_tag","embeddable":true,"href":"https:\/\/www.abchukuk.com\/index.php\/wp-json\/wp\/v2\/tags?post=23059"}],"curies":[{"name":"wp","href":"https:\/\/api.w.org\/{rel}","templated":true}]}}