{"id":23058,"date":"2026-03-13T08:51:24","date_gmt":"2026-03-13T08:51:24","guid":{"rendered":"https:\/\/www.abchukuk.com\/index.php\/2026\/03\/13\/oldurulen-yasli-ciftin-oglu-gelini-ve-torunu-gozaltinda-altin-dislerinin-bile-sokuldugu-ortaya-cikti\/"},"modified":"2026-03-13T08:51:24","modified_gmt":"2026-03-13T08:51:24","slug":"oldurulen-yasli-ciftin-oglu-gelini-ve-torunu-gozaltinda-altin-dislerinin-bile-sokuldugu-ortaya-cikti","status":"publish","type":"post","link":"https:\/\/www.abchukuk.com\/index.php\/2026\/03\/13\/oldurulen-yasli-ciftin-oglu-gelini-ve-torunu-gozaltinda-altin-dislerinin-bile-sokuldugu-ortaya-cikti\/","title":{"rendered":"\u00d6ld\u00fcr\u00fclen ya\u015fl\u0131 \u00e7iftin o\u011flu, gelini ve torunu g\u00f6zalt\u0131nda: Alt\u0131n di\u015flerinin bile s\u00f6k\u00fcld\u00fc\u011f\u00fc ortaya \u00e7\u0131kt\u0131"},"content":{"rendered":"<p>Mu\u011fla&#8217;da evlerinde \u00e7\u0131kan yang\u0131nda hayatlar\u0131n\u0131 kaybeden ya\u015fl\u0131 \u00e7iftin \u00f6l\u00fcm\u00fcyle ilgili soru\u015fturmada o\u011flu, gelini ve torununu da aralar\u0131nda bulundu\u011fu 6 ki\u015fi g\u00f6zalt\u0131na al\u0131nd\u0131.Mu\u011fla&#8217;da evlerinde \u00e7\u0131kan yang\u0131nda hayatlar\u0131n\u0131 kaybeden ya\u015fl\u0131 \u00e7iftin \u00f6l\u00fcm\u00fcyle ilgili soru\u015fturmada o\u011flu, gelini ve torununu da aralar\u0131nda bulundu\u011fu 6 ki\u015fi g\u00f6zalt\u0131na al\u0131nd\u0131.\u00a0<a href=\"https:\/\/anlatilaninotesi.com.tr\/20260313\/oldurulen-yasli-ciftin-oglu-gelini-ve-torunu-gozaltinda-altin-dislerinin-bile-sokuldugu-ortaya-1104227100.html\" target=\"_blank\" class=\"feedzy-rss-link-icon\">Read More<\/a><\/p>","protected":false},"excerpt":{"rendered":"<p>Mu\u011fla&#8217;da evlerinde \u00e7\u0131kan yang\u0131nda hayatlar\u0131n\u0131 kaybeden ya\u015fl\u0131 \u00e7iftin \u00f6l\u00fcm\u00fcyle ilgili soru\u015fturmada o\u011flu, gelini ve torununu da aralar\u0131nda bulundu\u011fu 6 ki\u015fi g\u00f6zalt\u0131na al\u0131nd\u0131.Mu\u011fla&#8217;da evlerinde \u00e7\u0131kan yang\u0131nda hayatlar\u0131n\u0131 kaybeden ya\u015fl\u0131 \u00e7iftin \u00f6l\u00fcm\u00fcyle ilgili soru\u015fturmada o\u011flu, gelini ve torununu da aralar\u0131nda bulundu\u011fu 6 ki\u015fi g\u00f6zalt\u0131na al\u0131nd\u0131.\u00a0Read More<\/p>\n","protected":false},"author":1,"featured_media":0,"comment_status":"open","ping_status":"open","sticky":false,"template":"","format":"standard","meta":{"footnotes":"","_links_to":"","_links_to_target":""},"categories":[1],"tags":[],"class_list":["post-23058","post","type-post","status-publish","format-standard","hentry","category-haberler"],"_links":{"self":[{"href":"https:\/\/www.abchukuk.com\/index.php\/wp-json\/wp\/v2\/posts\/23058","targetHints":{"allow":["GET"]}}],"collection":[{"href":"https:\/\/www.abchukuk.com\/index.php\/wp-json\/wp\/v2\/posts"}],"about":[{"href":"https:\/\/www.abchukuk.com\/index.php\/wp-json\/wp\/v2\/types\/post"}],"author":[{"embeddable":true,"href":"https:\/\/www.abchukuk.com\/index.php\/wp-json\/wp\/v2\/users\/1"}],"replies":[{"embeddable":true,"href":"https:\/\/www.abchukuk.com\/index.php\/wp-json\/wp\/v2\/comments?post=23058"}],"version-history":[{"count":0,"href":"https:\/\/www.abchukuk.com\/index.php\/wp-json\/wp\/v2\/posts\/23058\/revisions"}],"wp:attachment":[{"href":"https:\/\/www.abchukuk.com\/index.php\/wp-json\/wp\/v2\/media?parent=23058"}],"wp:term":[{"taxonomy":"category","embeddable":true,"href":"https:\/\/www.abchukuk.com\/index.php\/wp-json\/wp\/v2\/categories?post=23058"},{"taxonomy":"post_tag","embeddable":true,"href":"https:\/\/www.abchukuk.com\/index.php\/wp-json\/wp\/v2\/tags?post=23058"}],"curies":[{"name":"wp","href":"https:\/\/api.w.org\/{rel}","templated":true}]}}