{"id":23056,"date":"2026-03-13T08:54:00","date_gmt":"2026-03-13T08:54:00","guid":{"rendered":"https:\/\/www.abchukuk.com\/index.php\/2026\/03\/13\/tutuklulara-bayramda-acik-gorus-izni\/"},"modified":"2026-03-13T08:54:00","modified_gmt":"2026-03-13T08:54:00","slug":"tutuklulara-bayramda-acik-gorus-izni","status":"publish","type":"post","link":"https:\/\/www.abchukuk.com\/index.php\/2026\/03\/13\/tutuklulara-bayramda-acik-gorus-izni\/","title":{"rendered":"Tutuklulara bayramda a\u00e7\u0131k g\u00f6r\u00fc\u015f izni"},"content":{"rendered":"<p>Ceza ve Tevkifevleri Genel M\u00fcd\u00fcrl\u00fc\u011f\u00fc&#8217;nden yap\u0131lan a\u00e7\u0131klamada, ceza infaz kurumlar\u0131nda bulunanlara Ramazan Bayram\u0131 dolay\u0131s\u0131yla 16-22 Mart tarihleri aras\u0131nda a\u00e7\u0131k g\u00f6r\u00fc\u015f izni verilece\u011fi bildirildi.Ceza ve Tevkifevleri Genel M\u00fcd\u00fcrl\u00fc\u011f\u00fc&#8217;nden yap\u0131lan a\u00e7\u0131klamada, ceza infaz kurumlar\u0131nda bulunanlara Ramazan Bayram\u0131 dolay\u0131s\u0131yla 16-22 Mart tarihleri aras\u0131nda a\u00e7\u0131k g\u00f6r\u00fc\u015f izni verilece\u011fi bildirildi.\u00a0<a href=\"https:\/\/www.cumhuriyet.com.tr\/turkiye\/tutuklulara-bayramda-acik-gorus-izni-2486468\" target=\"_blank\" class=\"feedzy-rss-link-icon\">Read More<\/a><\/p>","protected":false},"excerpt":{"rendered":"<p>Ceza ve Tevkifevleri Genel M\u00fcd\u00fcrl\u00fc\u011f\u00fc&#8217;nden yap\u0131lan a\u00e7\u0131klamada, ceza infaz kurumlar\u0131nda bulunanlara Ramazan Bayram\u0131 dolay\u0131s\u0131yla 16-22 Mart tarihleri aras\u0131nda a\u00e7\u0131k g\u00f6r\u00fc\u015f izni verilece\u011fi bildirildi.Ceza ve Tevkifevleri Genel M\u00fcd\u00fcrl\u00fc\u011f\u00fc&#8217;nden yap\u0131lan a\u00e7\u0131klamada, ceza infaz kurumlar\u0131nda bulunanlara Ramazan Bayram\u0131 dolay\u0131s\u0131yla 16-22 Mart tarihleri aras\u0131nda a\u00e7\u0131k g\u00f6r\u00fc\u015f izni verilece\u011fi bildirildi.\u00a0Read More<\/p>\n","protected":false},"author":1,"featured_media":23057,"comment_status":"open","ping_status":"open","sticky":false,"template":"","format":"standard","meta":{"footnotes":"","_links_to":"","_links_to_target":""},"categories":[1],"tags":[],"class_list":["post-23056","post","type-post","status-publish","format-standard","has-post-thumbnail","hentry","category-haberler"],"_links":{"self":[{"href":"https:\/\/www.abchukuk.com\/index.php\/wp-json\/wp\/v2\/posts\/23056","targetHints":{"allow":["GET"]}}],"collection":[{"href":"https:\/\/www.abchukuk.com\/index.php\/wp-json\/wp\/v2\/posts"}],"about":[{"href":"https:\/\/www.abchukuk.com\/index.php\/wp-json\/wp\/v2\/types\/post"}],"author":[{"embeddable":true,"href":"https:\/\/www.abchukuk.com\/index.php\/wp-json\/wp\/v2\/users\/1"}],"replies":[{"embeddable":true,"href":"https:\/\/www.abchukuk.com\/index.php\/wp-json\/wp\/v2\/comments?post=23056"}],"version-history":[{"count":0,"href":"https:\/\/www.abchukuk.com\/index.php\/wp-json\/wp\/v2\/posts\/23056\/revisions"}],"wp:featuredmedia":[{"embeddable":true,"href":"https:\/\/www.abchukuk.com\/index.php\/wp-json\/wp\/v2\/media\/23057"}],"wp:attachment":[{"href":"https:\/\/www.abchukuk.com\/index.php\/wp-json\/wp\/v2\/media?parent=23056"}],"wp:term":[{"taxonomy":"category","embeddable":true,"href":"https:\/\/www.abchukuk.com\/index.php\/wp-json\/wp\/v2\/categories?post=23056"},{"taxonomy":"post_tag","embeddable":true,"href":"https:\/\/www.abchukuk.com\/index.php\/wp-json\/wp\/v2\/tags?post=23056"}],"curies":[{"name":"wp","href":"https:\/\/api.w.org\/{rel}","templated":true}]}}