{"id":23050,"date":"2026-03-13T06:05:00","date_gmt":"2026-03-13T06:05:00","guid":{"rendered":"https:\/\/www.abchukuk.com\/index.php\/2026\/03\/13\/chpli-gokan-zeybekten-omer-gunel-tepkisi-gozaltinin-gercek-sebebi\/"},"modified":"2026-03-13T06:05:00","modified_gmt":"2026-03-13T06:05:00","slug":"chpli-gokan-zeybekten-omer-gunel-tepkisi-gozaltinin-gercek-sebebi","status":"publish","type":"post","link":"https:\/\/www.abchukuk.com\/index.php\/2026\/03\/13\/chpli-gokan-zeybekten-omer-gunel-tepkisi-gozaltinin-gercek-sebebi\/","title":{"rendered":"CHP&#8217;li G\u00f6kan Zeybek&#8217;ten &#8216;\u00d6mer G\u00fcnel&#8217; tepkisi: &#8216;G\u00f6zalt\u0131n\u0131n ger\u00e7ek sebebi&#8230;&#8217;"},"content":{"rendered":"<p>Ku\u015fadas\u0131 Belediye Ba\u015fkan\u0131 \u00d6mer G\u00fcnel&#8217;in g\u00f6zalt\u0131na al\u0131nmas\u0131na tepki g\u00f6steren CHP Genel Ba\u015fkan Yard\u0131mc\u0131s\u0131 G\u00f6kan Zeybek &#8220;G\u00f6zalt\u0131n\u0131n ger\u00e7ek sebebi Ku\u015fadas\u0131\u2019nda AK Parti\u2019nin esamesinin bile okunmamas\u0131d\u0131r. Cumhuriyet Halk Partisi\u2019nin iktidar y\u00fcr\u00fcy\u00fc\u015f\u00fcn\u00fc hi\u00e7bir operasyon engelleyemeyecektir&#8221; dedi.Ku\u015fadas\u0131 Belediye Ba\u015fkan\u0131 \u00d6mer G\u00fcnel&#8217;in g\u00f6zalt\u0131na al\u0131nmas\u0131na tepki g\u00f6steren CHP Genel Ba\u015fkan Yard\u0131mc\u0131s\u0131 G\u00f6kan Zeybek &#8220;G\u00f6zalt\u0131n\u0131n ger\u00e7ek sebebi Ku\u015fadas\u0131\u2019nda AK Parti\u2019nin esamesinin bile okunmamas\u0131d\u0131r. Cumhuriyet Halk Partisi\u2019nin iktidar y\u00fcr\u00fcy\u00fc\u015f\u00fcn\u00fc hi\u00e7bir operasyon engelleyemeyecektir&#8221; dedi.\u00a0<a href=\"https:\/\/www.cumhuriyet.com.tr\/turkiye\/chp-li-gokan-zeybek-ten-omer-gunel-tepkisi-gozaltinin-gercek-sebebi-2486405\" target=\"_blank\" class=\"feedzy-rss-link-icon\">Read More<\/a><\/p>","protected":false},"excerpt":{"rendered":"<p>Ku\u015fadas\u0131 Belediye Ba\u015fkan\u0131 \u00d6mer G\u00fcnel&#8217;in g\u00f6zalt\u0131na al\u0131nmas\u0131na tepki g\u00f6steren CHP Genel Ba\u015fkan Yard\u0131mc\u0131s\u0131 G\u00f6kan Zeybek &#8220;G\u00f6zalt\u0131n\u0131n ger\u00e7ek sebebi Ku\u015fadas\u0131\u2019nda AK Parti\u2019nin esamesinin bile okunmamas\u0131d\u0131r. Cumhuriyet Halk Partisi\u2019nin iktidar y\u00fcr\u00fcy\u00fc\u015f\u00fcn\u00fc hi\u00e7bir operasyon engelleyemeyecektir&#8221; dedi.Ku\u015fadas\u0131 Belediye Ba\u015fkan\u0131 \u00d6mer G\u00fcnel&#8217;in g\u00f6zalt\u0131na al\u0131nmas\u0131na tepki g\u00f6steren CHP Genel Ba\u015fkan Yard\u0131mc\u0131s\u0131 G\u00f6kan Zeybek &#8220;G\u00f6zalt\u0131n\u0131n ger\u00e7ek sebebi Ku\u015fadas\u0131\u2019nda AK Parti\u2019nin esamesinin bile [&hellip;]<\/p>\n","protected":false},"author":1,"featured_media":23051,"comment_status":"open","ping_status":"open","sticky":false,"template":"","format":"standard","meta":{"footnotes":"","_links_to":"","_links_to_target":""},"categories":[1],"tags":[],"class_list":["post-23050","post","type-post","status-publish","format-standard","has-post-thumbnail","hentry","category-haberler"],"_links":{"self":[{"href":"https:\/\/www.abchukuk.com\/index.php\/wp-json\/wp\/v2\/posts\/23050","targetHints":{"allow":["GET"]}}],"collection":[{"href":"https:\/\/www.abchukuk.com\/index.php\/wp-json\/wp\/v2\/posts"}],"about":[{"href":"https:\/\/www.abchukuk.com\/index.php\/wp-json\/wp\/v2\/types\/post"}],"author":[{"embeddable":true,"href":"https:\/\/www.abchukuk.com\/index.php\/wp-json\/wp\/v2\/users\/1"}],"replies":[{"embeddable":true,"href":"https:\/\/www.abchukuk.com\/index.php\/wp-json\/wp\/v2\/comments?post=23050"}],"version-history":[{"count":0,"href":"https:\/\/www.abchukuk.com\/index.php\/wp-json\/wp\/v2\/posts\/23050\/revisions"}],"wp:featuredmedia":[{"embeddable":true,"href":"https:\/\/www.abchukuk.com\/index.php\/wp-json\/wp\/v2\/media\/23051"}],"wp:attachment":[{"href":"https:\/\/www.abchukuk.com\/index.php\/wp-json\/wp\/v2\/media?parent=23050"}],"wp:term":[{"taxonomy":"category","embeddable":true,"href":"https:\/\/www.abchukuk.com\/index.php\/wp-json\/wp\/v2\/categories?post=23050"},{"taxonomy":"post_tag","embeddable":true,"href":"https:\/\/www.abchukuk.com\/index.php\/wp-json\/wp\/v2\/tags?post=23050"}],"curies":[{"name":"wp","href":"https:\/\/api.w.org\/{rel}","templated":true}]}}