{"id":23046,"date":"2026-03-13T04:47:00","date_gmt":"2026-03-13T04:47:00","guid":{"rendered":"https:\/\/www.abchukuk.com\/index.php\/2026\/03\/13\/son-dakika-kusadasi-belediye-baskani-omer-gunel-gozaltina-alindi\/"},"modified":"2026-03-13T04:47:00","modified_gmt":"2026-03-13T04:47:00","slug":"son-dakika-kusadasi-belediye-baskani-omer-gunel-gozaltina-alindi","status":"publish","type":"post","link":"https:\/\/www.abchukuk.com\/index.php\/2026\/03\/13\/son-dakika-kusadasi-belediye-baskani-omer-gunel-gozaltina-alindi\/","title":{"rendered":"Son dakika&#8230; Ku\u015fadas\u0131 Belediye Ba\u015fkan\u0131 \u00d6mer G\u00fcnel g\u00f6zalt\u0131na al\u0131nd\u0131!"},"content":{"rendered":"<p>Son dakika haberi&#8230; Ku\u015fadas\u0131 Belediye Ba\u015fkan\u0131 \u00d6mer G\u00fcnel sabah saatlerinde g\u00f6zalt\u0131na al\u0131nd\u0131. G\u00fcnel&#8217;in g\u00f6zalt\u0131na al\u0131nd\u0131\u011f\u0131 duyuran CHP&#8217;li B\u00fclent Tezcan, &#8220;Sand\u0131kta yenemediklerini kumpas dosyalar\u0131yla susturmaya \u00e7al\u0131\u015fanlar, halk\u0131n iradesine m\u00fcdahale etmektedir&#8221; dedi. \u00d6mer G\u00fcnel&#8217;in g\u00f6zalt\u0131na al\u0131nmas\u0131na ili\u015fkin \u0130stanbul Cumhuriyet Ba\u015fsavc\u0131l\u0131\u011f\u0131&#8217;ndan da a\u00e7\u0131klama geldi.Son dakika haberi&#8230; Ku\u015fadas\u0131 Belediye Ba\u015fkan\u0131 \u00d6mer G\u00fcnel sabah saatlerinde g\u00f6zalt\u0131na al\u0131nd\u0131. G\u00fcnel&#8217;in g\u00f6zalt\u0131na al\u0131nd\u0131\u011f\u0131 duyuran CHP&#8217;li B\u00fclent Tezcan, &#8220;Sand\u0131kta yenemediklerini kumpas dosyalar\u0131yla susturmaya \u00e7al\u0131\u015fanlar, halk\u0131n iradesine m\u00fcdahale etmektedir&#8221; dedi. \u00d6mer G\u00fcnel&#8217;in g\u00f6zalt\u0131na al\u0131nmas\u0131na ili\u015fkin \u0130stanbul Cumhuriyet Ba\u015fsavc\u0131l\u0131\u011f\u0131&#8217;ndan da a\u00e7\u0131klama geldi.\u00a0<a href=\"https:\/\/www.cumhuriyet.com.tr\/turkiye\/son-dakika-kusadasi-belediye-baskani-omer-gunel-gozaltina-alindi-2486400\" target=\"_blank\" class=\"feedzy-rss-link-icon\">Read More<\/a><\/p>","protected":false},"excerpt":{"rendered":"<p>Son dakika haberi&#8230; Ku\u015fadas\u0131 Belediye Ba\u015fkan\u0131 \u00d6mer G\u00fcnel sabah saatlerinde g\u00f6zalt\u0131na al\u0131nd\u0131. G\u00fcnel&#8217;in g\u00f6zalt\u0131na al\u0131nd\u0131\u011f\u0131 duyuran CHP&#8217;li B\u00fclent Tezcan, &#8220;Sand\u0131kta yenemediklerini kumpas dosyalar\u0131yla susturmaya \u00e7al\u0131\u015fanlar, halk\u0131n iradesine m\u00fcdahale etmektedir&#8221; dedi. \u00d6mer G\u00fcnel&#8217;in g\u00f6zalt\u0131na al\u0131nmas\u0131na ili\u015fkin \u0130stanbul Cumhuriyet Ba\u015fsavc\u0131l\u0131\u011f\u0131&#8217;ndan da a\u00e7\u0131klama geldi.Son dakika haberi&#8230; Ku\u015fadas\u0131 Belediye Ba\u015fkan\u0131 \u00d6mer G\u00fcnel sabah saatlerinde g\u00f6zalt\u0131na al\u0131nd\u0131. G\u00fcnel&#8217;in g\u00f6zalt\u0131na al\u0131nd\u0131\u011f\u0131 [&hellip;]<\/p>\n","protected":false},"author":1,"featured_media":23047,"comment_status":"open","ping_status":"open","sticky":false,"template":"","format":"standard","meta":{"footnotes":"","_links_to":"","_links_to_target":""},"categories":[1],"tags":[],"class_list":["post-23046","post","type-post","status-publish","format-standard","has-post-thumbnail","hentry","category-haberler"],"_links":{"self":[{"href":"https:\/\/www.abchukuk.com\/index.php\/wp-json\/wp\/v2\/posts\/23046","targetHints":{"allow":["GET"]}}],"collection":[{"href":"https:\/\/www.abchukuk.com\/index.php\/wp-json\/wp\/v2\/posts"}],"about":[{"href":"https:\/\/www.abchukuk.com\/index.php\/wp-json\/wp\/v2\/types\/post"}],"author":[{"embeddable":true,"href":"https:\/\/www.abchukuk.com\/index.php\/wp-json\/wp\/v2\/users\/1"}],"replies":[{"embeddable":true,"href":"https:\/\/www.abchukuk.com\/index.php\/wp-json\/wp\/v2\/comments?post=23046"}],"version-history":[{"count":0,"href":"https:\/\/www.abchukuk.com\/index.php\/wp-json\/wp\/v2\/posts\/23046\/revisions"}],"wp:featuredmedia":[{"embeddable":true,"href":"https:\/\/www.abchukuk.com\/index.php\/wp-json\/wp\/v2\/media\/23047"}],"wp:attachment":[{"href":"https:\/\/www.abchukuk.com\/index.php\/wp-json\/wp\/v2\/media?parent=23046"}],"wp:term":[{"taxonomy":"category","embeddable":true,"href":"https:\/\/www.abchukuk.com\/index.php\/wp-json\/wp\/v2\/categories?post=23046"},{"taxonomy":"post_tag","embeddable":true,"href":"https:\/\/www.abchukuk.com\/index.php\/wp-json\/wp\/v2\/tags?post=23046"}],"curies":[{"name":"wp","href":"https:\/\/api.w.org\/{rel}","templated":true}]}}