{"id":23044,"date":"2026-03-13T05:19:00","date_gmt":"2026-03-13T05:19:00","guid":{"rendered":"https:\/\/www.abchukuk.com\/index.php\/2026\/03\/13\/kusadasi-belediye-baskani-omer-gunel-gozaltina-alindi-2\/"},"modified":"2026-03-13T05:19:00","modified_gmt":"2026-03-13T05:19:00","slug":"kusadasi-belediye-baskani-omer-gunel-gozaltina-alindi-2","status":"publish","type":"post","link":"https:\/\/www.abchukuk.com\/index.php\/2026\/03\/13\/kusadasi-belediye-baskani-omer-gunel-gozaltina-alindi-2\/","title":{"rendered":"Ku\u015fadas\u0131 Belediye Ba\u015fkan\u0131 \u00d6mer G\u00fcnel g\u00f6zalt\u0131na al\u0131nd\u0131"},"content":{"rendered":"<p>Ku\u015fadas\u0131 Belediye Ba\u015fkan\u0131 \u00d6mer G\u00fcnel, \u0130stanbul Cumhuriyet Ba\u015fsavc\u0131l\u0131\u011f\u0131 taraf\u0131ndan y\u00fcr\u00fct\u00fclen soru\u015fturma kapsam\u0131nda g\u00f6zalt\u0131na al\u0131nd\u0131. G\u00fcnel&#8217;in g\u00f6zalt\u0131 haberini, CHP Ayd\u0131n Milletvekili B\u00fclent Tezcan sosyal medya hesab\u0131ndan duyurdu.Ku\u015fadas\u0131 Belediye Ba\u015fkan\u0131 \u00d6mer G\u00fcnel, \u0130stanbul Cumhuriyet Ba\u015fsavc\u0131l\u0131\u011f\u0131 taraf\u0131ndan y\u00fcr\u00fct\u00fclen soru\u015fturma kapsam\u0131nda g\u00f6zalt\u0131na al\u0131nd\u0131. G\u00fcnel&#8217;in g\u00f6zalt\u0131 haberini, CHP Ayd\u0131n Milletvekili B\u00fclent Tezcan sosyal medya hesab\u0131ndan duyurdu.\u00a0<a href=\"https:\/\/www.dunya.com\/gundem\/kusadasi-belediye-baskani-omer-gunel-gozaltina-alindi-haberi-818098\" target=\"_blank\" class=\"feedzy-rss-link-icon\">Read More<\/a><\/p>","protected":false},"excerpt":{"rendered":"<p>Ku\u015fadas\u0131 Belediye Ba\u015fkan\u0131 \u00d6mer G\u00fcnel, \u0130stanbul Cumhuriyet Ba\u015fsavc\u0131l\u0131\u011f\u0131 taraf\u0131ndan y\u00fcr\u00fct\u00fclen soru\u015fturma kapsam\u0131nda g\u00f6zalt\u0131na al\u0131nd\u0131. G\u00fcnel&#8217;in g\u00f6zalt\u0131 haberini, CHP Ayd\u0131n Milletvekili B\u00fclent Tezcan sosyal medya hesab\u0131ndan duyurdu.Ku\u015fadas\u0131 Belediye Ba\u015fkan\u0131 \u00d6mer G\u00fcnel, \u0130stanbul Cumhuriyet Ba\u015fsavc\u0131l\u0131\u011f\u0131 taraf\u0131ndan y\u00fcr\u00fct\u00fclen soru\u015fturma kapsam\u0131nda g\u00f6zalt\u0131na al\u0131nd\u0131. G\u00fcnel&#8217;in g\u00f6zalt\u0131 haberini, CHP Ayd\u0131n Milletvekili B\u00fclent Tezcan sosyal medya hesab\u0131ndan duyurdu.\u00a0Read More<\/p>\n","protected":false},"author":1,"featured_media":23045,"comment_status":"open","ping_status":"open","sticky":false,"template":"","format":"standard","meta":{"footnotes":"","_links_to":"","_links_to_target":""},"categories":[1],"tags":[],"class_list":["post-23044","post","type-post","status-publish","format-standard","has-post-thumbnail","hentry","category-haberler"],"_links":{"self":[{"href":"https:\/\/www.abchukuk.com\/index.php\/wp-json\/wp\/v2\/posts\/23044","targetHints":{"allow":["GET"]}}],"collection":[{"href":"https:\/\/www.abchukuk.com\/index.php\/wp-json\/wp\/v2\/posts"}],"about":[{"href":"https:\/\/www.abchukuk.com\/index.php\/wp-json\/wp\/v2\/types\/post"}],"author":[{"embeddable":true,"href":"https:\/\/www.abchukuk.com\/index.php\/wp-json\/wp\/v2\/users\/1"}],"replies":[{"embeddable":true,"href":"https:\/\/www.abchukuk.com\/index.php\/wp-json\/wp\/v2\/comments?post=23044"}],"version-history":[{"count":0,"href":"https:\/\/www.abchukuk.com\/index.php\/wp-json\/wp\/v2\/posts\/23044\/revisions"}],"wp:featuredmedia":[{"embeddable":true,"href":"https:\/\/www.abchukuk.com\/index.php\/wp-json\/wp\/v2\/media\/23045"}],"wp:attachment":[{"href":"https:\/\/www.abchukuk.com\/index.php\/wp-json\/wp\/v2\/media?parent=23044"}],"wp:term":[{"taxonomy":"category","embeddable":true,"href":"https:\/\/www.abchukuk.com\/index.php\/wp-json\/wp\/v2\/categories?post=23044"},{"taxonomy":"post_tag","embeddable":true,"href":"https:\/\/www.abchukuk.com\/index.php\/wp-json\/wp\/v2\/tags?post=23044"}],"curies":[{"name":"wp","href":"https:\/\/api.w.org\/{rel}","templated":true}]}}