{"id":23028,"date":"2026-03-12T23:12:00","date_gmt":"2026-03-12T23:12:00","guid":{"rendered":"https:\/\/www.abchukuk.com\/index.php\/2026\/03\/12\/resmi-gazetede-yayimlandi-silivri-cezaevinin-otopark-ve-ulasim-ihtiyaci-icin-acele-kamulastirma-karari\/"},"modified":"2026-03-12T23:12:00","modified_gmt":"2026-03-12T23:12:00","slug":"resmi-gazetede-yayimlandi-silivri-cezaevinin-otopark-ve-ulasim-ihtiyaci-icin-acele-kamulastirma-karari","status":"publish","type":"post","link":"https:\/\/www.abchukuk.com\/index.php\/2026\/03\/12\/resmi-gazetede-yayimlandi-silivri-cezaevinin-otopark-ve-ulasim-ihtiyaci-icin-acele-kamulastirma-karari\/","title":{"rendered":"Resmi Gazete&#8217;de yay\u0131mland\u0131: Silivri Cezaevi&#8217;nin &#8216;otopark ve ula\u015f\u0131m ihtiyac\u0131&#8217; i\u00e7in acele kamula\u015ft\u0131rma karar\u0131"},"content":{"rendered":"<p>Cumhurba\u015fkan\u0131 karar\u0131yla, Silivri Semizkumlar Mahallesi&#8217;ndeki iki parsel, Marmara Ceza \u0130nfaz Kurumlar\u0131 Kamp\u00fcs\u00fc&#8217;n\u00fcn otopark ve ula\u015f\u0131m ihtiyac\u0131 i\u00e7in acele kamula\u015ft\u0131r\u0131ld\u0131.Cumhurba\u015fkan\u0131 karar\u0131yla, Silivri Semizkumlar Mahallesi&#8217;ndeki iki parsel, Marmara Ceza \u0130nfaz Kurumlar\u0131 Kamp\u00fcs\u00fc&#8217;n\u00fcn otopark ve ula\u015f\u0131m ihtiyac\u0131 i\u00e7in acele kamula\u015ft\u0131r\u0131ld\u0131.\u00a0<a href=\"https:\/\/www.cumhuriyet.com.tr\/turkiye\/resmi-gazete-de-yayimlandi-silivri-cezaevi-nin-otopark-ve-ulasim-ihtiyaci-acele-kamulastirma-karari-2486389\" target=\"_blank\" class=\"feedzy-rss-link-icon\">Read More<\/a><\/p>","protected":false},"excerpt":{"rendered":"<p>Cumhurba\u015fkan\u0131 karar\u0131yla, Silivri Semizkumlar Mahallesi&#8217;ndeki iki parsel, Marmara Ceza \u0130nfaz Kurumlar\u0131 Kamp\u00fcs\u00fc&#8217;n\u00fcn otopark ve ula\u015f\u0131m ihtiyac\u0131 i\u00e7in acele kamula\u015ft\u0131r\u0131ld\u0131.Cumhurba\u015fkan\u0131 karar\u0131yla, Silivri Semizkumlar Mahallesi&#8217;ndeki iki parsel, Marmara Ceza \u0130nfaz Kurumlar\u0131 Kamp\u00fcs\u00fc&#8217;n\u00fcn otopark ve ula\u015f\u0131m ihtiyac\u0131 i\u00e7in acele kamula\u015ft\u0131r\u0131ld\u0131.\u00a0Read More<\/p>\n","protected":false},"author":1,"featured_media":23029,"comment_status":"open","ping_status":"open","sticky":false,"template":"","format":"standard","meta":{"footnotes":"","_links_to":"","_links_to_target":""},"categories":[1],"tags":[],"class_list":["post-23028","post","type-post","status-publish","format-standard","has-post-thumbnail","hentry","category-haberler"],"_links":{"self":[{"href":"https:\/\/www.abchukuk.com\/index.php\/wp-json\/wp\/v2\/posts\/23028","targetHints":{"allow":["GET"]}}],"collection":[{"href":"https:\/\/www.abchukuk.com\/index.php\/wp-json\/wp\/v2\/posts"}],"about":[{"href":"https:\/\/www.abchukuk.com\/index.php\/wp-json\/wp\/v2\/types\/post"}],"author":[{"embeddable":true,"href":"https:\/\/www.abchukuk.com\/index.php\/wp-json\/wp\/v2\/users\/1"}],"replies":[{"embeddable":true,"href":"https:\/\/www.abchukuk.com\/index.php\/wp-json\/wp\/v2\/comments?post=23028"}],"version-history":[{"count":0,"href":"https:\/\/www.abchukuk.com\/index.php\/wp-json\/wp\/v2\/posts\/23028\/revisions"}],"wp:featuredmedia":[{"embeddable":true,"href":"https:\/\/www.abchukuk.com\/index.php\/wp-json\/wp\/v2\/media\/23029"}],"wp:attachment":[{"href":"https:\/\/www.abchukuk.com\/index.php\/wp-json\/wp\/v2\/media?parent=23028"}],"wp:term":[{"taxonomy":"category","embeddable":true,"href":"https:\/\/www.abchukuk.com\/index.php\/wp-json\/wp\/v2\/categories?post=23028"},{"taxonomy":"post_tag","embeddable":true,"href":"https:\/\/www.abchukuk.com\/index.php\/wp-json\/wp\/v2\/tags?post=23028"}],"curies":[{"name":"wp","href":"https:\/\/api.w.org\/{rel}","templated":true}]}}