{"id":23020,"date":"2026-03-12T20:31:09","date_gmt":"2026-03-12T20:31:09","guid":{"rendered":"https:\/\/www.abchukuk.com\/index.php\/2026\/03\/12\/izmirde-elektrik-akimina-kapilan-iki-kisi-olmustu-mahkemeden-yeni-karar\/"},"modified":"2026-03-12T20:31:09","modified_gmt":"2026-03-12T20:31:09","slug":"izmirde-elektrik-akimina-kapilan-iki-kisi-olmustu-mahkemeden-yeni-karar","status":"publish","type":"post","link":"https:\/\/www.abchukuk.com\/index.php\/2026\/03\/12\/izmirde-elektrik-akimina-kapilan-iki-kisi-olmustu-mahkemeden-yeni-karar\/","title":{"rendered":"\u0130zmir&#8217;de elektrik ak\u0131m\u0131na kap\u0131lan iki ki\u015fi \u00f6lm\u00fc\u015ft\u00fc: Mahkemeden yeni karar"},"content":{"rendered":"<p>\u0130zmir\u2019de sa\u011fanak s\u0131ras\u0131nda elektrik ak\u0131m\u0131na kap\u0131larak 2 ki\u015finin hayat\u0131n\u0131 kaybetti\u011fi olaya ili\u015fkin davada 11 san\u0131k tahliye edildi. Mahkeme ayr\u0131ca dosya i\u00e7in uzmanlardan olu\u015fan 5 ki\u015filik bilirki\u015fi heyetinden yeni rapor al\u0131nmas\u0131na karar verdi.\u0130zmir\u2019de sa\u011fanak s\u0131ras\u0131nda elektrik ak\u0131m\u0131na kap\u0131larak 2 ki\u015finin hayat\u0131n\u0131 kaybetti\u011fi olaya ili\u015fkin davada 11 san\u0131k tahliye edildi. Mahkeme ayr\u0131ca dosya i\u00e7in uzmanlardan olu\u015fan 5 ki\u015filik bilirki\u015fi heyetinden yeni rapor al\u0131nmas\u0131na karar verdi.\u00a0<a href=\"https:\/\/anlatilaninotesi.com.tr\/20260312\/izmirde-elektrik-akimina-kapilan-iki-kisi-olmustu-mahkemeden-yeni-karar-1104217785.html\" target=\"_blank\" class=\"feedzy-rss-link-icon\">Read More<\/a><\/p>","protected":false},"excerpt":{"rendered":"<p>\u0130zmir\u2019de sa\u011fanak s\u0131ras\u0131nda elektrik ak\u0131m\u0131na kap\u0131larak 2 ki\u015finin hayat\u0131n\u0131 kaybetti\u011fi olaya ili\u015fkin davada 11 san\u0131k tahliye edildi. Mahkeme ayr\u0131ca dosya i\u00e7in uzmanlardan olu\u015fan 5 ki\u015filik bilirki\u015fi heyetinden yeni rapor al\u0131nmas\u0131na karar verdi.\u0130zmir\u2019de sa\u011fanak s\u0131ras\u0131nda elektrik ak\u0131m\u0131na kap\u0131larak 2 ki\u015finin hayat\u0131n\u0131 kaybetti\u011fi olaya ili\u015fkin davada 11 san\u0131k tahliye edildi. Mahkeme ayr\u0131ca dosya i\u00e7in uzmanlardan olu\u015fan 5 [&hellip;]<\/p>\n","protected":false},"author":1,"featured_media":0,"comment_status":"open","ping_status":"open","sticky":false,"template":"","format":"standard","meta":{"footnotes":"","_links_to":"","_links_to_target":""},"categories":[1],"tags":[],"class_list":["post-23020","post","type-post","status-publish","format-standard","hentry","category-haberler"],"_links":{"self":[{"href":"https:\/\/www.abchukuk.com\/index.php\/wp-json\/wp\/v2\/posts\/23020","targetHints":{"allow":["GET"]}}],"collection":[{"href":"https:\/\/www.abchukuk.com\/index.php\/wp-json\/wp\/v2\/posts"}],"about":[{"href":"https:\/\/www.abchukuk.com\/index.php\/wp-json\/wp\/v2\/types\/post"}],"author":[{"embeddable":true,"href":"https:\/\/www.abchukuk.com\/index.php\/wp-json\/wp\/v2\/users\/1"}],"replies":[{"embeddable":true,"href":"https:\/\/www.abchukuk.com\/index.php\/wp-json\/wp\/v2\/comments?post=23020"}],"version-history":[{"count":0,"href":"https:\/\/www.abchukuk.com\/index.php\/wp-json\/wp\/v2\/posts\/23020\/revisions"}],"wp:attachment":[{"href":"https:\/\/www.abchukuk.com\/index.php\/wp-json\/wp\/v2\/media?parent=23020"}],"wp:term":[{"taxonomy":"category","embeddable":true,"href":"https:\/\/www.abchukuk.com\/index.php\/wp-json\/wp\/v2\/categories?post=23020"},{"taxonomy":"post_tag","embeddable":true,"href":"https:\/\/www.abchukuk.com\/index.php\/wp-json\/wp\/v2\/tags?post=23020"}],"curies":[{"name":"wp","href":"https:\/\/api.w.org\/{rel}","templated":true}]}}