{"id":22998,"date":"2026-03-12T17:16:00","date_gmt":"2026-03-12T17:16:00","guid":{"rendered":"https:\/\/www.abchukuk.com\/index.php\/2026\/03\/12\/netanyahudan-filistinli-esire-tecavuz-eden-israilli-askerlerin-yargilandigi-davanin-dusurulmesi-kararina-destek\/"},"modified":"2026-03-12T17:16:00","modified_gmt":"2026-03-12T17:16:00","slug":"netanyahudan-filistinli-esire-tecavuz-eden-israilli-askerlerin-yargilandigi-davanin-dusurulmesi-kararina-destek","status":"publish","type":"post","link":"https:\/\/www.abchukuk.com\/index.php\/2026\/03\/12\/netanyahudan-filistinli-esire-tecavuz-eden-israilli-askerlerin-yargilandigi-davanin-dusurulmesi-kararina-destek\/","title":{"rendered":"Netanyahu&#8217;dan Filistinli esire tecav\u00fcz eden \u0130srailli askerlerin yarg\u0131land\u0131\u011f\u0131 davan\u0131n d\u00fc\u015f\u00fcr\u00fclmesi karar\u0131na destek"},"content":{"rendered":"<p>\u0130srail Ba\u015fbakan\u0131 Binyamin Netanyahu, Gazze\u2019den al\u0131konulan Filistinli esire tecav\u00fcz g\u00f6r\u00fcnt\u00fcleri ortaya \u00e7\u0131kan \u0130srailli askerlerin yarg\u0131land\u0131\u011f\u0131 Sde Teiman davas\u0131n\u0131n d\u00fc\u015f\u00fcr\u00fclmesi karar\u0131na destek verdi.\u0130srail Ba\u015fbakan\u0131 Binyamin Netanyahu, Gazze\u2019den al\u0131konulan Filistinli esire tecav\u00fcz g\u00f6r\u00fcnt\u00fcleri ortaya \u00e7\u0131kan \u0130srailli askerlerin yarg\u0131land\u0131\u011f\u0131 Sde Teiman davas\u0131n\u0131n d\u00fc\u015f\u00fcr\u00fclmesi karar\u0131na destek verdi.\u00a0<a href=\"https:\/\/www.cumhuriyet.com.tr\/dunya\/netanyahu-dan-filistinli-esire-tecavuz-eden-israilli-askerlerin-yargilandigi-davanin-dusurulmesi-kararina-destek-2486307\" target=\"_blank\" class=\"feedzy-rss-link-icon\">Read More<\/a><\/p>","protected":false},"excerpt":{"rendered":"<p>\u0130srail Ba\u015fbakan\u0131 Binyamin Netanyahu, Gazze\u2019den al\u0131konulan Filistinli esire tecav\u00fcz g\u00f6r\u00fcnt\u00fcleri ortaya \u00e7\u0131kan \u0130srailli askerlerin yarg\u0131land\u0131\u011f\u0131 Sde Teiman davas\u0131n\u0131n d\u00fc\u015f\u00fcr\u00fclmesi karar\u0131na destek verdi.\u0130srail Ba\u015fbakan\u0131 Binyamin Netanyahu, Gazze\u2019den al\u0131konulan Filistinli esire tecav\u00fcz g\u00f6r\u00fcnt\u00fcleri ortaya \u00e7\u0131kan \u0130srailli askerlerin yarg\u0131land\u0131\u011f\u0131 Sde Teiman davas\u0131n\u0131n d\u00fc\u015f\u00fcr\u00fclmesi karar\u0131na destek verdi.\u00a0Read More<\/p>\n","protected":false},"author":1,"featured_media":22999,"comment_status":"open","ping_status":"open","sticky":false,"template":"","format":"standard","meta":{"footnotes":"","_links_to":"","_links_to_target":""},"categories":[1],"tags":[],"class_list":["post-22998","post","type-post","status-publish","format-standard","has-post-thumbnail","hentry","category-haberler"],"_links":{"self":[{"href":"https:\/\/www.abchukuk.com\/index.php\/wp-json\/wp\/v2\/posts\/22998","targetHints":{"allow":["GET"]}}],"collection":[{"href":"https:\/\/www.abchukuk.com\/index.php\/wp-json\/wp\/v2\/posts"}],"about":[{"href":"https:\/\/www.abchukuk.com\/index.php\/wp-json\/wp\/v2\/types\/post"}],"author":[{"embeddable":true,"href":"https:\/\/www.abchukuk.com\/index.php\/wp-json\/wp\/v2\/users\/1"}],"replies":[{"embeddable":true,"href":"https:\/\/www.abchukuk.com\/index.php\/wp-json\/wp\/v2\/comments?post=22998"}],"version-history":[{"count":0,"href":"https:\/\/www.abchukuk.com\/index.php\/wp-json\/wp\/v2\/posts\/22998\/revisions"}],"wp:featuredmedia":[{"embeddable":true,"href":"https:\/\/www.abchukuk.com\/index.php\/wp-json\/wp\/v2\/media\/22999"}],"wp:attachment":[{"href":"https:\/\/www.abchukuk.com\/index.php\/wp-json\/wp\/v2\/media?parent=22998"}],"wp:term":[{"taxonomy":"category","embeddable":true,"href":"https:\/\/www.abchukuk.com\/index.php\/wp-json\/wp\/v2\/categories?post=22998"},{"taxonomy":"post_tag","embeddable":true,"href":"https:\/\/www.abchukuk.com\/index.php\/wp-json\/wp\/v2\/tags?post=22998"}],"curies":[{"name":"wp","href":"https:\/\/api.w.org\/{rel}","templated":true}]}}