{"id":22996,"date":"2026-03-12T18:15:43","date_gmt":"2026-03-12T18:15:43","guid":{"rendered":"https:\/\/www.abchukuk.com\/index.php\/2026\/03\/12\/ticaret-mahkemelerinde-ihtisaslasma-getirildi-10-yili-doldurmayan-bir-hakim-ticaret-mahkemesi-baskani-olmayacak\/"},"modified":"2026-03-12T18:15:43","modified_gmt":"2026-03-12T18:15:43","slug":"ticaret-mahkemelerinde-ihtisaslasma-getirildi-10-yili-doldurmayan-bir-hakim-ticaret-mahkemesi-baskani-olmayacak","status":"publish","type":"post","link":"https:\/\/www.abchukuk.com\/index.php\/2026\/03\/12\/ticaret-mahkemelerinde-ihtisaslasma-getirildi-10-yili-doldurmayan-bir-hakim-ticaret-mahkemesi-baskani-olmayacak\/","title":{"rendered":"Ticaret mahkemelerinde ihtisasla\u015fma getirildi! 10 y\u0131l\u0131 doldurmayan bir h\u00e2kim, ticaret mahkemesi ba\u015fkan\u0131 olmayacak"},"content":{"rendered":"<p>Adalet Bakan\u0131 Ak\u0131n G\u00fcrlek, T\u00fcrkiye \u0130hracat\u00e7\u0131lar Meclisi (T\u0130M) Ba\u015fkan\u0131 Mustafa G\u00fcltepe ve beraberindeki heyeti kabul etti. Bakan G\u00fcrlek, T\u0130M\u2019in T\u00fcrkiye ekonomisi i\u00e7in bir lokomotif oldu\u011funu belirtti. T\u0130M \u00fcyelerinin istihdama ve \u00fcretime katk\u0131lar\u0131n\u0131n son derece \u00f6nemli oldu\u011funu belirten Bakan G\u00fcrlek, i\u015f d\u00fcnyas\u0131n\u0131n ya\u015fad\u0131\u011f\u0131 sorunlar\u0131n fark\u0131nda oldu\u011funu belirterek dava s\u00fcre\u00e7lerinin k\u0131salmas\u0131 i\u00e7in gerekli ad\u0131mlar\u0131 att\u0131klar\u0131n\u0131 kaydetti.<\/p>\n<p><a href=\"https:\/\/www.son.tv\/wp-content\/uploads\/2026\/03\/WhatsApp-Image-2026-03-12-at-21.13.38-1.jpeg\"><img fetchpriority=\"high\" decoding=\"async\" class=\"alignnone size-large wp-image-169256\" src=\"https:\/\/www.son.tv\/wp-content\/uploads\/2026\/03\/WhatsApp-Image-2026-03-12-at-21.13.38-1-1024x682.jpeg\" alt=\"\" width=\"1024\" height=\"682\" \/><\/a><\/p>\n<p>10 YILI DOLDURMAYAN B\u0130R H\u00c2K\u0130M, T\u0130CARET MAHKEMES\u0130 BA\u015eKANI OLMAYACAK!<\/p>\n<p>Bakan G\u00fcrlek, \u201c\u00d6zellikle ticari davalarda, ticaret mahkemelerinde ihtisasla\u015fma getirdik. 10 y\u0131l\u0131 doldurmayan bir h\u00e2kim, ticaret mahkemesi ba\u015fkan\u0131 olmayacak. Ticaret mahkemelerini tek \u00e7at\u0131 alt\u0131nda toplamak i\u00e7in gerekli ad\u0131m\u0131 att\u0131k. \u00d6zellikle ihracatta ve yat\u0131r\u0131m anlam\u0131nda \u00fclkemizde kimsenin sorun ya\u015famas\u0131n\u0131 istemiyoruz. Bu konuda b\u00fcrokratik olarak sorunlar \u00e7\u0131k\u0131yorsa bu sorunlar\u0131 da elimizden geldi\u011finde azaltaca\u011f\u0131z. Yarg\u0131 olarak s\u00fcre\u00e7lerin h\u0131zlanmas\u0131 i\u00e7in zaten \u00e7al\u0131\u015fmalar\u0131m\u0131z var.\u201d ifadelerini kulland\u0131. Bakan G\u00fcrlek, T\u0130M Ba\u015fkan\u0131 Mustafa G\u00fcltepe\u2019ye ziyaretleri i\u00e7in te\u015fekk\u00fcr etti.<\/p>\n<p><a href=\"https:\/\/www.son.tv\/wp-content\/uploads\/2026\/03\/WhatsApp-Image-2026-03-12-at-21.13.36.jpeg\"><img decoding=\"async\" class=\"alignnone size-large wp-image-169257\" src=\"https:\/\/www.son.tv\/wp-content\/uploads\/2026\/03\/WhatsApp-Image-2026-03-12-at-21.13.36-1024x682.jpeg\" alt=\"\" width=\"1024\" height=\"682\" \/><\/a> <a href=\"https:\/\/www.son.tv\/wp-content\/uploads\/2026\/03\/WhatsApp-Image-2026-03-12-at-21.13.38.jpeg\"><img decoding=\"async\" class=\"alignnone size-large wp-image-169258\" src=\"https:\/\/www.son.tv\/wp-content\/uploads\/2026\/03\/WhatsApp-Image-2026-03-12-at-21.13.38-1024x682.jpeg\" alt=\"\" width=\"1024\" height=\"682\" \/><\/a> <a href=\"https:\/\/www.son.tv\/wp-content\/uploads\/2026\/03\/WhatsApp-Image-2026-03-12-at-21.13.37-1.jpeg\"><img loading=\"lazy\" decoding=\"async\" loading=\"lazy\" class=\"alignnone size-large wp-image-169259\" src=\"https:\/\/www.son.tv\/wp-content\/uploads\/2026\/03\/WhatsApp-Image-2026-03-12-at-21.13.37-1-683x1024.jpeg\" alt=\"\" width=\"683\" height=\"1024\" \/><\/a><\/p>\n<p>T\u00fcrkiye \u0130hracat\u00e7\u0131lar Meclisi (T\u0130M) Ba\u015fkan\u0131 Mustafa G\u00fcltepe ve beraberindeki heyeti kabul eden Adalet Bakan\u0131 Ak\u0131n G\u00fcrlek, i\u015f d\u00fcnyas\u0131n\u0131n hukuk zemininde ya\u015fad\u0131\u011f\u0131 sorunlar\u0131n \u00e7\u00f6z\u00fcm\u00fcne y\u00f6nelik gerekli ad\u0131mlar\u0131 att\u0131klar\u0131n\u0131 belirterek \u201cTicaret mahkemelerinde ihtisasla\u015fma getirdik. 10 y\u0131l\u0131 doldurmayan bir h\u00e2kim, ticaret mahkemesi ba\u015fkan\u0131 olmayacak.\u201d dedi.\u00a0<a href=\"https:\/\/www.son.tv\/ticaret-mahkemelerinde-ihtisaslasma-getirildi-10-yili-doldurmayan-bir-hakim-ticaret-mahkemesi-baskani-olmayacak\/\" target=\"_blank\" class=\"feedzy-rss-link-icon\">Read More<\/a><\/p>","protected":false},"excerpt":{"rendered":"<p>Adalet Bakan\u0131 Ak\u0131n G\u00fcrlek, T\u00fcrkiye \u0130hracat\u00e7\u0131lar Meclisi (T\u0130M) Ba\u015fkan\u0131 Mustafa G\u00fcltepe ve beraberindeki heyeti kabul etti. Bakan G\u00fcrlek, T\u0130M\u2019in T\u00fcrkiye ekonomisi i\u00e7in bir lokomotif oldu\u011funu belirtti. T\u0130M \u00fcyelerinin istihdama ve \u00fcretime katk\u0131lar\u0131n\u0131n son derece \u00f6nemli oldu\u011funu belirten Bakan G\u00fcrlek, i\u015f d\u00fcnyas\u0131n\u0131n ya\u015fad\u0131\u011f\u0131 sorunlar\u0131n fark\u0131nda oldu\u011funu belirterek dava s\u00fcre\u00e7lerinin k\u0131salmas\u0131 i\u00e7in gerekli ad\u0131mlar\u0131 att\u0131klar\u0131n\u0131 kaydetti. 10 [&hellip;]<\/p>\n","protected":false},"author":1,"featured_media":22997,"comment_status":"open","ping_status":"open","sticky":false,"template":"","format":"standard","meta":{"footnotes":"","_links_to":"","_links_to_target":""},"categories":[1],"tags":[],"class_list":["post-22996","post","type-post","status-publish","format-standard","has-post-thumbnail","hentry","category-haberler"],"_links":{"self":[{"href":"https:\/\/www.abchukuk.com\/index.php\/wp-json\/wp\/v2\/posts\/22996","targetHints":{"allow":["GET"]}}],"collection":[{"href":"https:\/\/www.abchukuk.com\/index.php\/wp-json\/wp\/v2\/posts"}],"about":[{"href":"https:\/\/www.abchukuk.com\/index.php\/wp-json\/wp\/v2\/types\/post"}],"author":[{"embeddable":true,"href":"https:\/\/www.abchukuk.com\/index.php\/wp-json\/wp\/v2\/users\/1"}],"replies":[{"embeddable":true,"href":"https:\/\/www.abchukuk.com\/index.php\/wp-json\/wp\/v2\/comments?post=22996"}],"version-history":[{"count":0,"href":"https:\/\/www.abchukuk.com\/index.php\/wp-json\/wp\/v2\/posts\/22996\/revisions"}],"wp:featuredmedia":[{"embeddable":true,"href":"https:\/\/www.abchukuk.com\/index.php\/wp-json\/wp\/v2\/media\/22997"}],"wp:attachment":[{"href":"https:\/\/www.abchukuk.com\/index.php\/wp-json\/wp\/v2\/media?parent=22996"}],"wp:term":[{"taxonomy":"category","embeddable":true,"href":"https:\/\/www.abchukuk.com\/index.php\/wp-json\/wp\/v2\/categories?post=22996"},{"taxonomy":"post_tag","embeddable":true,"href":"https:\/\/www.abchukuk.com\/index.php\/wp-json\/wp\/v2\/tags?post=22996"}],"curies":[{"name":"wp","href":"https:\/\/api.w.org\/{rel}","templated":true}]}}