{"id":22994,"date":"2026-03-12T18:45:00","date_gmt":"2026-03-12T18:45:00","guid":{"rendered":"https:\/\/www.abchukuk.com\/index.php\/2026\/03\/12\/cercioglu-afislerine-sorusturma-chp-genclik-kollari-yoneticilerine-gozalti\/"},"modified":"2026-03-12T18:45:00","modified_gmt":"2026-03-12T18:45:00","slug":"cercioglu-afislerine-sorusturma-chp-genclik-kollari-yoneticilerine-gozalti","status":"publish","type":"post","link":"https:\/\/www.abchukuk.com\/index.php\/2026\/03\/12\/cercioglu-afislerine-sorusturma-chp-genclik-kollari-yoneticilerine-gozalti\/","title":{"rendered":"&#8216;\u00c7er\u00e7io\u011flu&#8217; afi\u015flerine soru\u015fturma: CHP gen\u00e7lik kollar\u0131 y\u00f6neticilerine g\u00f6zalt\u0131!"},"content":{"rendered":"<p>Ayd\u0131n\u2019\u0131n Nazilli il\u00e7esinde Cumhurba\u015fkan\u0131 Recep Tayyip Erdo\u011fan ile AKP&#8217;ye ge\u00e7en Ayd\u0131n B\u00fcy\u00fck\u015fehir Belediye Ba\u015fkan\u0131 \u00d6zlem \u00c7er\u00e7io\u011flu\u2019nu hedef ald\u0131\u011f\u0131 iddia edilen afi\u015fler nedeniyle ba\u015flat\u0131lan soru\u015fturma kapsam\u0131nda CHP Nazilli \u0130l\u00e7e Gen\u00e7lik Kollar\u0131 Ba\u015fkan\u0131 Mustafa Kemal Ko\u00e7 ile \u00fc\u00e7 ki\u015fi g\u00f6zalt\u0131na al\u0131nd\u0131. CHP Nazilli \u0130l\u00e7e Ba\u015fkan\u0131 Sema Asl\u0131han \u00d6kmen, pankartlarda hakaret olmad\u0131\u011f\u0131n\u0131 savunarak, \u201cPankartlarda yer alan ifadeler, Ayd\u0131n B\u00fcy\u00fck\u015fehir Belediye Ba\u015fkan\u0131 \u00d6zlem \u00c7er\u00e7io\u011flu\u2019nun daha \u00f6nce yapt\u0131\u011f\u0131 a\u00e7\u0131klamalardan al\u0131nd\u0131\u201d dedi.Ayd\u0131n\u2019\u0131n Nazilli il\u00e7esinde Cumhurba\u015fkan\u0131 Recep Tayyip Erdo\u011fan ile AKP&#8217;ye ge\u00e7en Ayd\u0131n B\u00fcy\u00fck\u015fehir Belediye Ba\u015fkan\u0131 \u00d6zlem \u00c7er\u00e7io\u011flu\u2019nu hedef ald\u0131\u011f\u0131 iddia edilen afi\u015fler nedeniyle ba\u015flat\u0131lan soru\u015fturma kapsam\u0131nda CHP Nazilli \u0130l\u00e7e Gen\u00e7lik Kollar\u0131 Ba\u015fkan\u0131 Mustafa Kemal Ko\u00e7 ile \u00fc\u00e7 ki\u015fi g\u00f6zalt\u0131na al\u0131nd\u0131. CHP Nazilli \u0130l\u00e7e Ba\u015fkan\u0131 Sema Asl\u0131han \u00d6kmen, pankartlarda hakaret olmad\u0131\u011f\u0131n\u0131 savunarak, \u201cPankartlarda yer alan ifadeler, Ayd\u0131n B\u00fcy\u00fck\u015fehir Belediye Ba\u015fkan\u0131 \u00d6zlem \u00c7er\u00e7io\u011flu\u2019nun daha \u00f6nce yapt\u0131\u011f\u0131 a\u00e7\u0131klamalardan al\u0131nd\u0131\u201d dedi.\u00a0<a href=\"https:\/\/www.cumhuriyet.com.tr\/siyaset\/cercioglu-afislerine-sorusturma-chp-genclik-kollari-yoneticilerine-gozalti-2486321\" target=\"_blank\" class=\"feedzy-rss-link-icon\">Read More<\/a><\/p>","protected":false},"excerpt":{"rendered":"<p>Ayd\u0131n\u2019\u0131n Nazilli il\u00e7esinde Cumhurba\u015fkan\u0131 Recep Tayyip Erdo\u011fan ile AKP&#8217;ye ge\u00e7en Ayd\u0131n B\u00fcy\u00fck\u015fehir Belediye Ba\u015fkan\u0131 \u00d6zlem \u00c7er\u00e7io\u011flu\u2019nu hedef ald\u0131\u011f\u0131 iddia edilen afi\u015fler nedeniyle ba\u015flat\u0131lan soru\u015fturma kapsam\u0131nda CHP Nazilli \u0130l\u00e7e Gen\u00e7lik Kollar\u0131 Ba\u015fkan\u0131 Mustafa Kemal Ko\u00e7 ile \u00fc\u00e7 ki\u015fi g\u00f6zalt\u0131na al\u0131nd\u0131. CHP Nazilli \u0130l\u00e7e Ba\u015fkan\u0131 Sema Asl\u0131han \u00d6kmen, pankartlarda hakaret olmad\u0131\u011f\u0131n\u0131 savunarak, \u201cPankartlarda yer alan ifadeler, Ayd\u0131n [&hellip;]<\/p>\n","protected":false},"author":1,"featured_media":22995,"comment_status":"open","ping_status":"open","sticky":false,"template":"","format":"standard","meta":{"footnotes":"","_links_to":"","_links_to_target":""},"categories":[1],"tags":[],"class_list":["post-22994","post","type-post","status-publish","format-standard","has-post-thumbnail","hentry","category-haberler"],"_links":{"self":[{"href":"https:\/\/www.abchukuk.com\/index.php\/wp-json\/wp\/v2\/posts\/22994","targetHints":{"allow":["GET"]}}],"collection":[{"href":"https:\/\/www.abchukuk.com\/index.php\/wp-json\/wp\/v2\/posts"}],"about":[{"href":"https:\/\/www.abchukuk.com\/index.php\/wp-json\/wp\/v2\/types\/post"}],"author":[{"embeddable":true,"href":"https:\/\/www.abchukuk.com\/index.php\/wp-json\/wp\/v2\/users\/1"}],"replies":[{"embeddable":true,"href":"https:\/\/www.abchukuk.com\/index.php\/wp-json\/wp\/v2\/comments?post=22994"}],"version-history":[{"count":0,"href":"https:\/\/www.abchukuk.com\/index.php\/wp-json\/wp\/v2\/posts\/22994\/revisions"}],"wp:featuredmedia":[{"embeddable":true,"href":"https:\/\/www.abchukuk.com\/index.php\/wp-json\/wp\/v2\/media\/22995"}],"wp:attachment":[{"href":"https:\/\/www.abchukuk.com\/index.php\/wp-json\/wp\/v2\/media?parent=22994"}],"wp:term":[{"taxonomy":"category","embeddable":true,"href":"https:\/\/www.abchukuk.com\/index.php\/wp-json\/wp\/v2\/categories?post=22994"},{"taxonomy":"post_tag","embeddable":true,"href":"https:\/\/www.abchukuk.com\/index.php\/wp-json\/wp\/v2\/tags?post=22994"}],"curies":[{"name":"wp","href":"https:\/\/api.w.org\/{rel}","templated":true}]}}