{"id":22989,"date":"2026-03-12T15:58:58","date_gmt":"2026-03-12T15:58:58","guid":{"rendered":"https:\/\/www.abchukuk.com\/index.php\/2026\/03\/12\/unye-adliyesinden-ramazanda-dayanisma-ve-paylasma-ornegi\/"},"modified":"2026-03-12T15:58:58","modified_gmt":"2026-03-12T15:58:58","slug":"unye-adliyesinden-ramazanda-dayanisma-ve-paylasma-ornegi","status":"publish","type":"post","link":"https:\/\/www.abchukuk.com\/index.php\/2026\/03\/12\/unye-adliyesinden-ramazanda-dayanisma-ve-paylasma-ornegi\/","title":{"rendered":"\u00dcnye Adliyesi\u2019nden Ramazan\u2019da Dayan\u0131\u015fma ve Payla\u015fma \u00d6rne\u011fi"},"content":{"rendered":"<p class=\"p1\"><span class=\"s1\">\u00dcnye Adliyesi\u2019nde Ramazan ay\u0131n\u0131n manevi <\/span>atmosferi birlik, beraberlik ve yard\u0131mla\u015fma etkinlikleriyle ya\u015fat\u0131ld\u0131. \u00dcnye Cumhuriyet Ba\u015fsavc\u0131l\u0131\u011f\u0131 ve Adalet Komisyonu Ba\u015fkanl\u0131\u011f\u0131 \u00f6nc\u00fcl\u00fc\u011f\u00fcnde d\u00fczenlenen iftar program\u0131nda hakim ve Cumhuriyet savc\u0131lar\u0131 ile adliye personeli bir araya geldi.<\/p>\n<p><a href=\"https:\/\/www.son.tv\/wp-content\/uploads\/2026\/03\/IMG_5882.jpeg\"><img fetchpriority=\"high\" decoding=\"async\" class=\"alignnone size-large wp-image-169249\" src=\"https:\/\/www.son.tv\/wp-content\/uploads\/2026\/03\/IMG_5882-699x1024.jpeg\" alt=\"\" width=\"699\" height=\"1024\" \/><\/a><\/p>\n<p class=\"p1\"><span class=\"s1\">D\u00fczenlenen iftar program\u0131nda yarg\u0131 mensuplar\u0131 ayn\u0131 sofray\u0131 payla\u015farak Ramazan ay\u0131n\u0131n karde\u015flik ve dayan\u0131\u015fma ruhunu birlikte ya\u015fad\u0131. Samimi bir ortamda ger\u00e7ekle\u015fen programda meslekta\u015flar aras\u0131nda birlik ve beraberlik duygular\u0131n\u0131n \u00f6nemine vurgu yap\u0131ld\u0131.<\/span><\/p>\n<p><a href=\"https:\/\/www.son.tv\/wp-content\/uploads\/2026\/03\/IMG_5881.jpeg\"><img decoding=\"async\" class=\"alignnone size-large wp-image-169250\" src=\"https:\/\/www.son.tv\/wp-content\/uploads\/2026\/03\/IMG_5881-768x1024.jpeg\" alt=\"\" width=\"768\" height=\"1024\" \/><\/a><\/p>\n<p class=\"p1\"><span class=\"s1\">\u00d6te yandan \u00dcnye Adliyesi\u2019nde geleneksel hale gelen ihtiya\u00e7 sahibi aileler i\u00e7in yap\u0131lan yard\u0131m \u00e7al\u0131\u015fmas\u0131 da bu y\u0131l yo\u011fun kat\u0131l\u0131mla ger\u00e7ekle\u015ftirildi. Cumhuriyet Ba\u015fsavc\u0131s\u0131 Hayri Ormanc\u0131 ve Adalet Komisyonu Ba\u015fkan\u0131 Mehmet \u00c7a\u011fr\u0131 Alperen \u00f6nc\u00fcl\u00fc\u011f\u00fcnde, hakim ve Cumhuriyet savc\u0131lar\u0131 ile adliye personelinin katk\u0131lar\u0131yla; k\u0131yafet, g\u0131da ve oyuncaklardan olu\u015fan hediyeler ihtiya\u00e7 sahibi ailelere ula\u015ft\u0131r\u0131lmak \u00fczere haz\u0131rland\u0131.<\/span><\/p>\n<p><a href=\"https:\/\/www.son.tv\/wp-content\/uploads\/2026\/03\/IMG_5881-1.jpeg\"><img decoding=\"async\" class=\"alignnone size-large wp-image-169251\" src=\"https:\/\/www.son.tv\/wp-content\/uploads\/2026\/03\/IMG_5881-1-768x1024.jpeg\" alt=\"\" width=\"768\" height=\"1024\" \/><\/a><\/p>\n<p class=\"p1\"><span class=\"s1\">Haz\u0131rlanan koliler, Ramazan ay\u0131n\u0131n payla\u015fma ve dayan\u0131\u015fma ruhunu yans\u0131tarak ihtiya\u00e7 sahibi vatanda\u015flara ula\u015ft\u0131r\u0131ld\u0131. \u00dcnye Adliyesi taraf\u0131ndan ger\u00e7ekle\u015ftirilen bu anlaml\u0131 \u00e7al\u0131\u015fmalar, toplumsal dayan\u0131\u015fma ve yard\u0131mla\u015fma k\u00fclt\u00fcr\u00fcn\u00fcn g\u00fc\u00e7lenmesine katk\u0131 sa\u011flad\u0131.<\/span><\/p>\n<p><a href=\"https:\/\/www.son.tv\/wp-content\/uploads\/2026\/03\/IMG_5880.jpeg\"><img loading=\"lazy\" decoding=\"async\" loading=\"lazy\" class=\"alignnone size-large wp-image-169252\" src=\"https:\/\/www.son.tv\/wp-content\/uploads\/2026\/03\/IMG_5880-768x1024.jpeg\" alt=\"\" width=\"768\" height=\"1024\" \/><\/a> <a href=\"https:\/\/www.son.tv\/wp-content\/uploads\/2026\/03\/IMG_5879.jpeg\"><img loading=\"lazy\" decoding=\"async\" loading=\"lazy\" class=\"alignnone size-large wp-image-169253\" src=\"https:\/\/www.son.tv\/wp-content\/uploads\/2026\/03\/IMG_5879-1024x768.jpeg\" alt=\"\" width=\"1024\" height=\"768\" \/><\/a><\/p>\n<p>\u00dcnye Adliyesi\u2019nde Ramazan ay\u0131n\u0131n manevi atmosferi birlik, beraberlik ve yard\u0131mla\u015fma etkinlikleriyle ya\u015fat\u0131ld\u0131. \u00dcnye Cumhuriyet Ba\u015fsavc\u0131l\u0131\u011f\u0131 ve Adalet Komisyonu Ba\u015fkanl\u0131\u011f\u0131 \u00f6nc\u00fcl\u00fc\u011f\u00fcnde d\u00fczenlenen iftar program\u0131nda hakim ve Cumhuriyet savc\u0131lar\u0131 ile adliye personeli bir araya geldi. D\u00fczenlenen iftar program\u0131nda yarg\u0131 mensuplar\u0131 ayn\u0131 sofray\u0131 payla\u015farak Ramazan ay\u0131n\u0131n karde\u015flik ve dayan\u0131\u015fma ruhunu birlikte ya\u015fad\u0131. Samimi bir ortamda ger\u00e7ekle\u015fen programda meslekta\u015flar\u00a0<a href=\"https:\/\/www.son.tv\/unye-adliyesinden-ramazanda-dayanisma-ve-paylasma-ornegi\/\" target=\"_blank\" class=\"feedzy-rss-link-icon\">Read More<\/a><\/p>","protected":false},"excerpt":{"rendered":"<p>\u00dcnye Adliyesi\u2019nde Ramazan ay\u0131n\u0131n manevi atmosferi birlik, beraberlik ve yard\u0131mla\u015fma etkinlikleriyle ya\u015fat\u0131ld\u0131. \u00dcnye Cumhuriyet Ba\u015fsavc\u0131l\u0131\u011f\u0131 ve Adalet Komisyonu Ba\u015fkanl\u0131\u011f\u0131 \u00f6nc\u00fcl\u00fc\u011f\u00fcnde d\u00fczenlenen iftar program\u0131nda hakim ve Cumhuriyet savc\u0131lar\u0131 ile adliye personeli bir araya geldi. D\u00fczenlenen iftar program\u0131nda yarg\u0131 mensuplar\u0131 ayn\u0131 sofray\u0131 payla\u015farak Ramazan ay\u0131n\u0131n karde\u015flik ve dayan\u0131\u015fma ruhunu birlikte ya\u015fad\u0131. Samimi bir ortamda ger\u00e7ekle\u015fen programda meslekta\u015flar [&hellip;]<\/p>\n","protected":false},"author":1,"featured_media":22990,"comment_status":"open","ping_status":"open","sticky":false,"template":"","format":"standard","meta":{"footnotes":"","_links_to":"","_links_to_target":""},"categories":[1],"tags":[],"class_list":["post-22989","post","type-post","status-publish","format-standard","has-post-thumbnail","hentry","category-haberler"],"_links":{"self":[{"href":"https:\/\/www.abchukuk.com\/index.php\/wp-json\/wp\/v2\/posts\/22989","targetHints":{"allow":["GET"]}}],"collection":[{"href":"https:\/\/www.abchukuk.com\/index.php\/wp-json\/wp\/v2\/posts"}],"about":[{"href":"https:\/\/www.abchukuk.com\/index.php\/wp-json\/wp\/v2\/types\/post"}],"author":[{"embeddable":true,"href":"https:\/\/www.abchukuk.com\/index.php\/wp-json\/wp\/v2\/users\/1"}],"replies":[{"embeddable":true,"href":"https:\/\/www.abchukuk.com\/index.php\/wp-json\/wp\/v2\/comments?post=22989"}],"version-history":[{"count":0,"href":"https:\/\/www.abchukuk.com\/index.php\/wp-json\/wp\/v2\/posts\/22989\/revisions"}],"wp:featuredmedia":[{"embeddable":true,"href":"https:\/\/www.abchukuk.com\/index.php\/wp-json\/wp\/v2\/media\/22990"}],"wp:attachment":[{"href":"https:\/\/www.abchukuk.com\/index.php\/wp-json\/wp\/v2\/media?parent=22989"}],"wp:term":[{"taxonomy":"category","embeddable":true,"href":"https:\/\/www.abchukuk.com\/index.php\/wp-json\/wp\/v2\/categories?post=22989"},{"taxonomy":"post_tag","embeddable":true,"href":"https:\/\/www.abchukuk.com\/index.php\/wp-json\/wp\/v2\/tags?post=22989"}],"curies":[{"name":"wp","href":"https:\/\/api.w.org\/{rel}","templated":true}]}}