{"id":22976,"date":"2026-03-12T15:37:33","date_gmt":"2026-03-12T15:37:33","guid":{"rendered":"https:\/\/www.abchukuk.com\/index.php\/2026\/03\/12\/enver-aysevere-10-ay-hapis-cezasi-ve-tahliye\/"},"modified":"2026-03-12T15:37:33","modified_gmt":"2026-03-12T15:37:33","slug":"enver-aysevere-10-ay-hapis-cezasi-ve-tahliye","status":"publish","type":"post","link":"https:\/\/www.abchukuk.com\/index.php\/2026\/03\/12\/enver-aysevere-10-ay-hapis-cezasi-ve-tahliye\/","title":{"rendered":"Enver Aysever&#8217;e 10 Ay Hapis Cezas\u0131 ve Tahliye"},"content":{"rendered":"<p><a href=\"https:\/\/www.gercekgundem.com\/guncel\/enver-aysevere-10-ay-hapis-cezasi-ve-tahliye-567991\"><br \/>\n                                                            <img decoding=\"async\" src=\"https:\/\/i.gercekgundem.com\/2\/150\/84\/storage\/files\/images\/2026\/03\/12\/enver-aysevere-10-ay-hapis-cezasi-ve-tahliye-gbom.jpg\" width=\"150\" height=\"84\" border=\"0\" align=\"right\" \/><br \/>\n                                                    <\/a><\/p>\n<h4>Sosyal medya \u00fczerinden canl\u0131 yay\u0131n s\u0131ras\u0131nda yapt\u0131\u011f\u0131 a\u00e7\u0131klamalar nedeniyle g\u00f6zalt\u0131na al\u0131nan gazeteci Enver Aysever, ilk kez hakim kar\u015f\u0131s\u0131na \u00e7\u0131kt\u0131. Savc\u0131l\u0131k m\u00fctalaas\u0131nda 6 aydan 1 y\u0131la kadar hapsi istenen Aysever hakk\u0131nda mahkeme, 10 ay hapis cezas\u0131 verirken, tahliyesine h\u00fckmetti.<\/h4>\n<p>Sosyal medya \u00fczerinden canl\u0131 yay\u0131n s\u0131ras\u0131nda yapt\u0131\u011f\u0131 a\u00e7\u0131klamalar nedeniyle g\u00f6zalt\u0131na al\u0131nan gazeteci Enver Aysever, ilk kez hakim kar\u015f\u0131s\u0131na \u00e7\u0131kt\u0131. Savc\u0131l\u0131k m\u00fctalaas\u0131nda 6 aydan 1 y\u0131la kadar hapsi istenen Aysever hakk\u0131nda mahkeme, 10 ay hapis cezas\u0131 verirken, tahliyesine h\u00fckmetti.\u00a0<a href=\"https:\/\/www.gercekgundem.com\/guncel\/enver-aysevere-10-ay-hapis-cezasi-ve-tahliye-567991\" target=\"_blank\" class=\"feedzy-rss-link-icon\">Read More<\/a><\/p>","protected":false},"excerpt":{"rendered":"<p>Sosyal medya \u00fczerinden canl\u0131 yay\u0131n s\u0131ras\u0131nda yapt\u0131\u011f\u0131 a\u00e7\u0131klamalar nedeniyle g\u00f6zalt\u0131na al\u0131nan gazeteci Enver Aysever, ilk kez hakim kar\u015f\u0131s\u0131na \u00e7\u0131kt\u0131. Savc\u0131l\u0131k m\u00fctalaas\u0131nda 6 aydan 1 y\u0131la kadar hapsi istenen Aysever hakk\u0131nda mahkeme, 10 ay hapis cezas\u0131 verirken, tahliyesine h\u00fckmetti. Sosyal medya \u00fczerinden canl\u0131 yay\u0131n s\u0131ras\u0131nda yapt\u0131\u011f\u0131 a\u00e7\u0131klamalar nedeniyle g\u00f6zalt\u0131na al\u0131nan gazeteci Enver Aysever, ilk kez hakim [&hellip;]<\/p>\n","protected":false},"author":1,"featured_media":22977,"comment_status":"open","ping_status":"open","sticky":false,"template":"","format":"standard","meta":{"footnotes":"","_links_to":"","_links_to_target":""},"categories":[1],"tags":[],"class_list":["post-22976","post","type-post","status-publish","format-standard","has-post-thumbnail","hentry","category-haberler"],"_links":{"self":[{"href":"https:\/\/www.abchukuk.com\/index.php\/wp-json\/wp\/v2\/posts\/22976","targetHints":{"allow":["GET"]}}],"collection":[{"href":"https:\/\/www.abchukuk.com\/index.php\/wp-json\/wp\/v2\/posts"}],"about":[{"href":"https:\/\/www.abchukuk.com\/index.php\/wp-json\/wp\/v2\/types\/post"}],"author":[{"embeddable":true,"href":"https:\/\/www.abchukuk.com\/index.php\/wp-json\/wp\/v2\/users\/1"}],"replies":[{"embeddable":true,"href":"https:\/\/www.abchukuk.com\/index.php\/wp-json\/wp\/v2\/comments?post=22976"}],"version-history":[{"count":0,"href":"https:\/\/www.abchukuk.com\/index.php\/wp-json\/wp\/v2\/posts\/22976\/revisions"}],"wp:featuredmedia":[{"embeddable":true,"href":"https:\/\/www.abchukuk.com\/index.php\/wp-json\/wp\/v2\/media\/22977"}],"wp:attachment":[{"href":"https:\/\/www.abchukuk.com\/index.php\/wp-json\/wp\/v2\/media?parent=22976"}],"wp:term":[{"taxonomy":"category","embeddable":true,"href":"https:\/\/www.abchukuk.com\/index.php\/wp-json\/wp\/v2\/categories?post=22976"},{"taxonomy":"post_tag","embeddable":true,"href":"https:\/\/www.abchukuk.com\/index.php\/wp-json\/wp\/v2\/tags?post=22976"}],"curies":[{"name":"wp","href":"https:\/\/api.w.org\/{rel}","templated":true}]}}