{"id":22972,"date":"2026-03-12T13:09:17","date_gmt":"2026-03-12T13:09:17","guid":{"rendered":"https:\/\/www.abchukuk.com\/index.php\/2026\/03\/12\/imamoglu-cikar-amacli-suc-orgutu-davasinin-dorduncu-durusma-16-mart-pazartesi-gunune-ertelendi\/"},"modified":"2026-03-12T13:09:17","modified_gmt":"2026-03-12T13:09:17","slug":"imamoglu-cikar-amacli-suc-orgutu-davasinin-dorduncu-durusma-16-mart-pazartesi-gunune-ertelendi","status":"publish","type":"post","link":"https:\/\/www.abchukuk.com\/index.php\/2026\/03\/12\/imamoglu-cikar-amacli-suc-orgutu-davasinin-dorduncu-durusma-16-mart-pazartesi-gunune-ertelendi\/","title":{"rendered":"&#8216;\u0130mamo\u011flu \u00e7\u0131kar ama\u00e7l\u0131 su\u00e7 \u00f6rg\u00fct\u00fc&#8217; davas\u0131n\u0131n d\u00f6rd\u00fcnc\u00fc duru\u015fma: 16 Mart Pazartesi g\u00fcn\u00fcne ertelendi"},"content":{"rendered":"<p>&#8220;\u0130mamo\u011flu \u00e7\u0131kar ama\u00e7l\u0131 su\u00e7 \u00f6rg\u00fct\u00fc&#8221;ne ili\u015fkin 107&#8217;si tutuklu, 5&#8217;i &#8220;m\u00fc\u015fteki san\u0131k&#8221; olmak \u00fczere 407 san\u0131\u011f\u0131n yarg\u0131land\u0131\u011f\u0131 davan\u0131n d\u00f6rd\u00fcnc\u00fc duru\u015fmas\u0131 tamamland\u0131.&#8221;\u0130mamo\u011flu \u00e7\u0131kar ama\u00e7l\u0131 su\u00e7 \u00f6rg\u00fct\u00fc&#8221;ne ili\u015fkin 107&#8217;si tutuklu, 5&#8217;i &#8220;m\u00fc\u015fteki san\u0131k&#8221; olmak \u00fczere 407 san\u0131\u011f\u0131n yarg\u0131land\u0131\u011f\u0131 davan\u0131n d\u00f6rd\u00fcnc\u00fc duru\u015fmas\u0131 tamamland\u0131.\u00a0<a href=\"https:\/\/anlatilaninotesi.com.tr\/20260312\/imamoglu-cikar-amacli-suc-orgutu-davasinin-dorduncu-durusma-16-mart-pazartesi-gunune-ertelendi-1104208765.html\" target=\"_blank\" class=\"feedzy-rss-link-icon\">Read More<\/a><\/p>","protected":false},"excerpt":{"rendered":"<p>&#8220;\u0130mamo\u011flu \u00e7\u0131kar ama\u00e7l\u0131 su\u00e7 \u00f6rg\u00fct\u00fc&#8221;ne ili\u015fkin 107&#8217;si tutuklu, 5&#8217;i &#8220;m\u00fc\u015fteki san\u0131k&#8221; olmak \u00fczere 407 san\u0131\u011f\u0131n yarg\u0131land\u0131\u011f\u0131 davan\u0131n d\u00f6rd\u00fcnc\u00fc duru\u015fmas\u0131 tamamland\u0131.&#8221;\u0130mamo\u011flu \u00e7\u0131kar ama\u00e7l\u0131 su\u00e7 \u00f6rg\u00fct\u00fc&#8221;ne ili\u015fkin 107&#8217;si tutuklu, 5&#8217;i &#8220;m\u00fc\u015fteki san\u0131k&#8221; olmak \u00fczere 407 san\u0131\u011f\u0131n yarg\u0131land\u0131\u011f\u0131 davan\u0131n d\u00f6rd\u00fcnc\u00fc duru\u015fmas\u0131 tamamland\u0131.\u00a0Read More<\/p>\n","protected":false},"author":1,"featured_media":0,"comment_status":"open","ping_status":"open","sticky":false,"template":"","format":"standard","meta":{"footnotes":"","_links_to":"","_links_to_target":""},"categories":[1],"tags":[],"class_list":["post-22972","post","type-post","status-publish","format-standard","hentry","category-haberler"],"_links":{"self":[{"href":"https:\/\/www.abchukuk.com\/index.php\/wp-json\/wp\/v2\/posts\/22972","targetHints":{"allow":["GET"]}}],"collection":[{"href":"https:\/\/www.abchukuk.com\/index.php\/wp-json\/wp\/v2\/posts"}],"about":[{"href":"https:\/\/www.abchukuk.com\/index.php\/wp-json\/wp\/v2\/types\/post"}],"author":[{"embeddable":true,"href":"https:\/\/www.abchukuk.com\/index.php\/wp-json\/wp\/v2\/users\/1"}],"replies":[{"embeddable":true,"href":"https:\/\/www.abchukuk.com\/index.php\/wp-json\/wp\/v2\/comments?post=22972"}],"version-history":[{"count":0,"href":"https:\/\/www.abchukuk.com\/index.php\/wp-json\/wp\/v2\/posts\/22972\/revisions"}],"wp:attachment":[{"href":"https:\/\/www.abchukuk.com\/index.php\/wp-json\/wp\/v2\/media?parent=22972"}],"wp:term":[{"taxonomy":"category","embeddable":true,"href":"https:\/\/www.abchukuk.com\/index.php\/wp-json\/wp\/v2\/categories?post=22972"},{"taxonomy":"post_tag","embeddable":true,"href":"https:\/\/www.abchukuk.com\/index.php\/wp-json\/wp\/v2\/tags?post=22972"}],"curies":[{"name":"wp","href":"https:\/\/api.w.org\/{rel}","templated":true}]}}