{"id":22969,"date":"2026-03-12T13:57:23","date_gmt":"2026-03-12T13:57:23","guid":{"rendered":"https:\/\/www.abchukuk.com\/index.php\/2026\/03\/12\/mahkeme-kararini-acikladi-ahmet-altan-ve-nazli-ilicak-hakkinda-hapis-cezasi-verildi\/"},"modified":"2026-03-12T13:57:23","modified_gmt":"2026-03-12T13:57:23","slug":"mahkeme-kararini-acikladi-ahmet-altan-ve-nazli-ilicak-hakkinda-hapis-cezasi-verildi","status":"publish","type":"post","link":"https:\/\/www.abchukuk.com\/index.php\/2026\/03\/12\/mahkeme-kararini-acikladi-ahmet-altan-ve-nazli-ilicak-hakkinda-hapis-cezasi-verildi\/","title":{"rendered":"Mahkeme karar\u0131n\u0131 a\u00e7\u0131klad\u0131: Ahmet Altan ve Nazl\u0131 Il\u0131cak hakk\u0131nda hapis cezas\u0131 verildi"},"content":{"rendered":"<p>Yarg\u0131tay&#8217;\u0131n bozma karar\u0131n\u0131n ard\u0131ndan Nazl\u0131 Il\u0131cak ve Ahmet Altan hakk\u0131nda g\u00f6r\u00fclen davada mahkeme karar\u0131n\u0131 a\u00e7\u0131klad\u0131. Silahl\u0131 ter\u00f6r \u00f6rg\u00fct\u00fcne yard\u0131m etme su\u00e7lamas\u0131ndan Il\u0131cak ve Altan&#8217;a hapis cezas\u0131 verildi.Yarg\u0131tay&#8217;\u0131n bozma karar\u0131n\u0131n ard\u0131ndan Nazl\u0131 Il\u0131cak ve Ahmet Altan hakk\u0131nda g\u00f6r\u00fclen davada mahkeme karar\u0131n\u0131 a\u00e7\u0131klad\u0131. Silahl\u0131 ter\u00f6r \u00f6rg\u00fct\u00fcne yard\u0131m etme su\u00e7lamas\u0131ndan Il\u0131cak ve Altan&#8217;a hapis cezas\u0131 verildi.\u00a0<a href=\"https:\/\/anlatilaninotesi.com.tr\/20260312\/mahkeme-kararini-acikladi-ahmet-altan-ve-nazli-ilicak-hakkinda-hapis-cezasi-verildi--1104210766.html\" target=\"_blank\" class=\"feedzy-rss-link-icon\">Read More<\/a><\/p>","protected":false},"excerpt":{"rendered":"<p>Yarg\u0131tay&#8217;\u0131n bozma karar\u0131n\u0131n ard\u0131ndan Nazl\u0131 Il\u0131cak ve Ahmet Altan hakk\u0131nda g\u00f6r\u00fclen davada mahkeme karar\u0131n\u0131 a\u00e7\u0131klad\u0131. Silahl\u0131 ter\u00f6r \u00f6rg\u00fct\u00fcne yard\u0131m etme su\u00e7lamas\u0131ndan Il\u0131cak ve Altan&#8217;a hapis cezas\u0131 verildi.Yarg\u0131tay&#8217;\u0131n bozma karar\u0131n\u0131n ard\u0131ndan Nazl\u0131 Il\u0131cak ve Ahmet Altan hakk\u0131nda g\u00f6r\u00fclen davada mahkeme karar\u0131n\u0131 a\u00e7\u0131klad\u0131. Silahl\u0131 ter\u00f6r \u00f6rg\u00fct\u00fcne yard\u0131m etme su\u00e7lamas\u0131ndan Il\u0131cak ve Altan&#8217;a hapis cezas\u0131 verildi.\u00a0Read More<\/p>\n","protected":false},"author":1,"featured_media":0,"comment_status":"open","ping_status":"open","sticky":false,"template":"","format":"standard","meta":{"footnotes":"","_links_to":"","_links_to_target":""},"categories":[1],"tags":[],"class_list":["post-22969","post","type-post","status-publish","format-standard","hentry","category-haberler"],"_links":{"self":[{"href":"https:\/\/www.abchukuk.com\/index.php\/wp-json\/wp\/v2\/posts\/22969","targetHints":{"allow":["GET"]}}],"collection":[{"href":"https:\/\/www.abchukuk.com\/index.php\/wp-json\/wp\/v2\/posts"}],"about":[{"href":"https:\/\/www.abchukuk.com\/index.php\/wp-json\/wp\/v2\/types\/post"}],"author":[{"embeddable":true,"href":"https:\/\/www.abchukuk.com\/index.php\/wp-json\/wp\/v2\/users\/1"}],"replies":[{"embeddable":true,"href":"https:\/\/www.abchukuk.com\/index.php\/wp-json\/wp\/v2\/comments?post=22969"}],"version-history":[{"count":0,"href":"https:\/\/www.abchukuk.com\/index.php\/wp-json\/wp\/v2\/posts\/22969\/revisions"}],"wp:attachment":[{"href":"https:\/\/www.abchukuk.com\/index.php\/wp-json\/wp\/v2\/media?parent=22969"}],"wp:term":[{"taxonomy":"category","embeddable":true,"href":"https:\/\/www.abchukuk.com\/index.php\/wp-json\/wp\/v2\/categories?post=22969"},{"taxonomy":"post_tag","embeddable":true,"href":"https:\/\/www.abchukuk.com\/index.php\/wp-json\/wp\/v2\/tags?post=22969"}],"curies":[{"name":"wp","href":"https:\/\/api.w.org\/{rel}","templated":true}]}}