{"id":22962,"date":"2026-03-12T09:00:00","date_gmt":"2026-03-12T09:00:00","guid":{"rendered":"https:\/\/www.abchukuk.com\/index.php\/2026\/03\/12\/cumhuriyet-silivride-ibb-davasinda-4-gun-mahkeme-baskani-durusmayi-sonlandirdi\/"},"modified":"2026-03-12T09:00:00","modified_gmt":"2026-03-12T09:00:00","slug":"cumhuriyet-silivride-ibb-davasinda-4-gun-mahkeme-baskani-durusmayi-sonlandirdi","status":"publish","type":"post","link":"https:\/\/www.abchukuk.com\/index.php\/2026\/03\/12\/cumhuriyet-silivride-ibb-davasinda-4-gun-mahkeme-baskani-durusmayi-sonlandirdi\/","title":{"rendered":"Cumhuriyet Silivri&#8217;de&#8230; &#8216;\u0130BB Davas\u0131&#8217;nda 4. g\u00fcn: Mahkeme ba\u015fkan\u0131 duru\u015fmay\u0131 sonland\u0131rd\u0131!"},"content":{"rendered":"<p>CHP&#8217;nin cumhurba\u015fkan\u0131 aday\u0131 ve \u0130stanbul B\u00fcy\u00fck\u015fehir Belediye (\u0130BB) Ba\u015fkan\u0131 Ekrem \u0130mamo\u011flu&#8217;nun da aras\u0131nda bulundu\u011fu 107\u2019si tutuklu, 5\u2019i m\u00fc\u015fteki san\u0131k toplam 407 ki\u015fi hakk\u0131ndaki davan\u0131n d\u00f6rd\u00fcnc\u00fc celsesi ya\u015fanan tart\u0131\u015fma sonras\u0131 erken sonland\u0131r\u0131ld\u0131.CHP&#8217;nin cumhurba\u015fkan\u0131 aday\u0131 ve \u0130stanbul B\u00fcy\u00fck\u015fehir Belediye (\u0130BB) Ba\u015fkan\u0131 Ekrem \u0130mamo\u011flu&#8217;nun da aras\u0131nda bulundu\u011fu 107\u2019si tutuklu, 5\u2019i m\u00fc\u015fteki san\u0131k toplam 407 ki\u015fi hakk\u0131ndaki davan\u0131n d\u00f6rd\u00fcnc\u00fc celsesi ya\u015fanan tart\u0131\u015fma sonras\u0131 erken sonland\u0131r\u0131ld\u0131.\u00a0<a href=\"https:\/\/www.cumhuriyet.com.tr\/turkiye\/cumhuriyet-silivri-de-ibb-davasi-nda-4-gun-mahkeme-baskani-durusmayi-sonlandirdi-2486075\" target=\"_blank\" class=\"feedzy-rss-link-icon\">Read More<\/a><\/p>","protected":false},"excerpt":{"rendered":"<p>CHP&#8217;nin cumhurba\u015fkan\u0131 aday\u0131 ve \u0130stanbul B\u00fcy\u00fck\u015fehir Belediye (\u0130BB) Ba\u015fkan\u0131 Ekrem \u0130mamo\u011flu&#8217;nun da aras\u0131nda bulundu\u011fu 107\u2019si tutuklu, 5\u2019i m\u00fc\u015fteki san\u0131k toplam 407 ki\u015fi hakk\u0131ndaki davan\u0131n d\u00f6rd\u00fcnc\u00fc celsesi ya\u015fanan tart\u0131\u015fma sonras\u0131 erken sonland\u0131r\u0131ld\u0131.CHP&#8217;nin cumhurba\u015fkan\u0131 aday\u0131 ve \u0130stanbul B\u00fcy\u00fck\u015fehir Belediye (\u0130BB) Ba\u015fkan\u0131 Ekrem \u0130mamo\u011flu&#8217;nun da aras\u0131nda bulundu\u011fu 107\u2019si tutuklu, 5\u2019i m\u00fc\u015fteki san\u0131k toplam 407 ki\u015fi hakk\u0131ndaki davan\u0131n d\u00f6rd\u00fcnc\u00fc [&hellip;]<\/p>\n","protected":false},"author":1,"featured_media":22964,"comment_status":"open","ping_status":"open","sticky":false,"template":"","format":"standard","meta":{"footnotes":"","_links_to":"","_links_to_target":""},"categories":[1],"tags":[],"class_list":["post-22962","post","type-post","status-publish","format-standard","has-post-thumbnail","hentry","category-haberler"],"_links":{"self":[{"href":"https:\/\/www.abchukuk.com\/index.php\/wp-json\/wp\/v2\/posts\/22962","targetHints":{"allow":["GET"]}}],"collection":[{"href":"https:\/\/www.abchukuk.com\/index.php\/wp-json\/wp\/v2\/posts"}],"about":[{"href":"https:\/\/www.abchukuk.com\/index.php\/wp-json\/wp\/v2\/types\/post"}],"author":[{"embeddable":true,"href":"https:\/\/www.abchukuk.com\/index.php\/wp-json\/wp\/v2\/users\/1"}],"replies":[{"embeddable":true,"href":"https:\/\/www.abchukuk.com\/index.php\/wp-json\/wp\/v2\/comments?post=22962"}],"version-history":[{"count":0,"href":"https:\/\/www.abchukuk.com\/index.php\/wp-json\/wp\/v2\/posts\/22962\/revisions"}],"wp:featuredmedia":[{"embeddable":true,"href":"https:\/\/www.abchukuk.com\/index.php\/wp-json\/wp\/v2\/media\/22964"}],"wp:attachment":[{"href":"https:\/\/www.abchukuk.com\/index.php\/wp-json\/wp\/v2\/media?parent=22962"}],"wp:term":[{"taxonomy":"category","embeddable":true,"href":"https:\/\/www.abchukuk.com\/index.php\/wp-json\/wp\/v2\/categories?post=22962"},{"taxonomy":"post_tag","embeddable":true,"href":"https:\/\/www.abchukuk.com\/index.php\/wp-json\/wp\/v2\/tags?post=22962"}],"curies":[{"name":"wp","href":"https:\/\/api.w.org\/{rel}","templated":true}]}}