{"id":22961,"date":"2026-03-12T12:38:10","date_gmt":"2026-03-12T12:38:10","guid":{"rendered":"https:\/\/www.abchukuk.com\/index.php\/2026\/03\/12\/yolsuzluk-ve-rusvet-sucundan-tutuklanan-polattan-davut-gule-iftira-ve-karalama\/"},"modified":"2026-03-12T12:38:10","modified_gmt":"2026-03-12T12:38:10","slug":"yolsuzluk-ve-rusvet-sucundan-tutuklanan-polattan-davut-gule-iftira-ve-karalama","status":"publish","type":"post","link":"https:\/\/www.abchukuk.com\/index.php\/2026\/03\/12\/yolsuzluk-ve-rusvet-sucundan-tutuklanan-polattan-davut-gule-iftira-ve-karalama\/","title":{"rendered":"Yolsuzluk ve r\u00fc\u015fvet su\u00e7undan tutuklanan Polat\u2019tan Davut G\u00fcl\u2019e iftira ve karalama"},"content":{"rendered":"<p>161 milyar liral\u0131k kamu zarar\u0131n\u0131n tespit edildi\u011fi ve CHP\u2019li Ekrem \u0130mamo\u011flu\u2019nun iddianamede \u00f6rg\u00fct lideri olarak yer ald\u0131\u011f\u0131 \u201casr\u0131n yolsuzlu\u011fu\u201d davas\u0131nda yarg\u0131lama d\u00f6rd\u00fcnc\u00fc g\u00fcn\u00fcnde devam etti.<\/p>\n<p><a href=\"https:\/\/www.son.tv\/wp-content\/uploads\/2026\/03\/IMG_5860.webp\"><img fetchpriority=\"high\" decoding=\"async\" class=\"alignnone size-full wp-image-169229\" src=\"https:\/\/www.son.tv\/wp-content\/uploads\/2026\/03\/IMG_5860.webp\" alt=\"\" width=\"650\" height=\"344\" \/><\/a><\/p>\n<p>2 bin 352 y\u0131la kadar hapsi istenen \u0130mamo\u011flu\u2019nun da aralar\u0131nda bulundu\u011fu 107\u2019si tutuklu toplam 407 san\u0131\u011f\u0131n yarg\u0131land\u0131\u011f\u0131 davada duru\u015fma, tutuklu san\u0131klardan A\u011fa\u00e7 A.\u015e. Sat\u0131n Alma M\u00fcd\u00fcr\u00fc \u00dcmit Polat\u2019\u0131n savunmas\u0131yla ba\u015flad\u0131 Duru\u015fmada \u0130stanbul B\u00fcy\u00fck\u015fehir Belediyesi\u2019ne (\u0130BB) ba\u011fl\u0131 A\u011fa\u00e7 A.\u015e. Sat\u0131n Alma M\u00fcd\u00fcr\u00fc \u00dcmit Polat, y\u00fcr\u00fct\u00fclen yolsuzluk soru\u015fturmas\u0131 kapsam\u0131nda \u015firketin ihale s\u00fcre\u00e7lerinde baz\u0131 firmalardan usuls\u00fcz para talep edildi\u011fi ve mali i\u015flemlerde usuls\u00fczl\u00fck yapt\u0131\u011f\u0131 gerek\u00e7esiyle tutuklanan A\u011fa\u00e7 A.\u015e. Sat\u0131n Alma M\u00fcd\u00fcr\u00fc \u00dcmit Polat, savunmas\u0131nda \u0130stanbul Valisi Davut G\u00fcl\u2019e y\u00f6nelik iftira ve karalama kampanyas\u0131 y\u00fcr\u00fctt\u00fc. Polat, \u0130stanbul Valisi Davut G\u00fcl\u2019\u00fcn bir kuzeninin \u0130BB\u2019de \u00e7al\u0131\u015ft\u0131\u011f\u0131n\u0131 ve 19 Mart operasyonu yap\u0131lmadan \u00f6nce kendisine \u201cSes \u00e7\u0131karmas\u0131n, beklesin, zaten bir \u015feyler olacak yak\u0131nda\u201d dedi\u011fini \u00f6ne s\u00fcrd\u00fc.<\/p>\n<p><a href=\"https:\/\/www.son.tv\/wp-content\/uploads\/2026\/03\/IMG_5862.jpeg\"><img decoding=\"async\" class=\"alignnone size-full wp-image-169230\" src=\"https:\/\/www.son.tv\/wp-content\/uploads\/2026\/03\/IMG_5862.jpeg\" alt=\"\" width=\"554\" height=\"554\" \/><\/a><\/p>\n<p>VAL\u0130 G\u00dcL\u2019DEN YANIT<br \/>\nSavunmada dile getirilen s\u00f6zlerin ard\u0131ndan \u0130stanbul Valisi Davut G\u00fcl\u2019den a\u00e7\u0131klama geldi. Vali G\u00fcl yapt\u0131\u011f\u0131 a\u00e7\u0131klamada, \u201c\u0130BB veya \u0130BB i\u015ftiraklerinde \u00e7al\u0131\u015fan yak\u0131n ya da uzak hi\u00e7bir akrabam yoktur\u201d ifadelerini kulland\u0131.<\/p>\n<p><a href=\"https:\/\/www.son.tv\/wp-content\/uploads\/2026\/03\/IMG_5859.jpeg\"><img decoding=\"async\" class=\"size-large wp-image-169227\" src=\"https:\/\/www.son.tv\/wp-content\/uploads\/2026\/03\/IMG_5859-1024x561.jpeg\" alt=\"\" width=\"1024\" height=\"561\" \/><\/a><\/p>\n<p>Asr\u0131n yolsuzlu\u011fu davas\u0131nda 4. g\u00fcn! Yolsuzluk ve r\u00fc\u015fvet su\u00e7lamas\u0131yla tutuklananan, usuls\u00fcz para talep etti\u011fi ve mali i\u015flemlerde usuls\u00fczl\u00fck yapt\u0131\u011f\u0131 ortaya \u00e7\u0131kan A\u011fa\u00e7 A.\u015e. Sat\u0131n Alma M\u00fcd\u00fcr\u00fc \u00dcmit Polat savunmas\u0131nda Davut G\u00fcl\u2019e y\u00f6nelik iftira ve karalama kampanyas\u0131 y\u00fcr\u00fcten s\u00f6zler sarf etti. \u0130stanbul Valisi Davut G\u00fcl\u2018den de cevap gecikmedi. Vali G\u00dcL \u201c\u0130BB veya \u0130BB i\u015ftiraklerinde \u00e7al\u0131\u015fan yak\u0131n ya da uzak hi\u00e7bir akrabam yoktur\u201d ifadelerini kulland\u0131.\u00a0<a href=\"https:\/\/www.son.tv\/yolsuzluk-ve-rusvet-sucundan-tutuklanan-polattan-davut-gule-iftira-ve-karalama\/\" target=\"_blank\" class=\"feedzy-rss-link-icon\">Read More<\/a><\/p>","protected":false},"excerpt":{"rendered":"<p>161 milyar liral\u0131k kamu zarar\u0131n\u0131n tespit edildi\u011fi ve CHP\u2019li Ekrem \u0130mamo\u011flu\u2019nun iddianamede \u00f6rg\u00fct lideri olarak yer ald\u0131\u011f\u0131 \u201casr\u0131n yolsuzlu\u011fu\u201d davas\u0131nda yarg\u0131lama d\u00f6rd\u00fcnc\u00fc g\u00fcn\u00fcnde devam etti. 2 bin 352 y\u0131la kadar hapsi istenen \u0130mamo\u011flu\u2019nun da aralar\u0131nda bulundu\u011fu 107\u2019si tutuklu toplam 407 san\u0131\u011f\u0131n yarg\u0131land\u0131\u011f\u0131 davada duru\u015fma, tutuklu san\u0131klardan A\u011fa\u00e7 A.\u015e. Sat\u0131n Alma M\u00fcd\u00fcr\u00fc \u00dcmit Polat\u2019\u0131n savunmas\u0131yla ba\u015flad\u0131 [&hellip;]<\/p>\n","protected":false},"author":1,"featured_media":22959,"comment_status":"open","ping_status":"open","sticky":false,"template":"","format":"standard","meta":{"footnotes":"","_links_to":"","_links_to_target":""},"categories":[1],"tags":[],"class_list":["post-22961","post","type-post","status-publish","format-standard","has-post-thumbnail","hentry","category-haberler"],"_links":{"self":[{"href":"https:\/\/www.abchukuk.com\/index.php\/wp-json\/wp\/v2\/posts\/22961","targetHints":{"allow":["GET"]}}],"collection":[{"href":"https:\/\/www.abchukuk.com\/index.php\/wp-json\/wp\/v2\/posts"}],"about":[{"href":"https:\/\/www.abchukuk.com\/index.php\/wp-json\/wp\/v2\/types\/post"}],"author":[{"embeddable":true,"href":"https:\/\/www.abchukuk.com\/index.php\/wp-json\/wp\/v2\/users\/1"}],"replies":[{"embeddable":true,"href":"https:\/\/www.abchukuk.com\/index.php\/wp-json\/wp\/v2\/comments?post=22961"}],"version-history":[{"count":0,"href":"https:\/\/www.abchukuk.com\/index.php\/wp-json\/wp\/v2\/posts\/22961\/revisions"}],"wp:featuredmedia":[{"embeddable":true,"href":"https:\/\/www.abchukuk.com\/index.php\/wp-json\/wp\/v2\/media\/22959"}],"wp:attachment":[{"href":"https:\/\/www.abchukuk.com\/index.php\/wp-json\/wp\/v2\/media?parent=22961"}],"wp:term":[{"taxonomy":"category","embeddable":true,"href":"https:\/\/www.abchukuk.com\/index.php\/wp-json\/wp\/v2\/categories?post=22961"},{"taxonomy":"post_tag","embeddable":true,"href":"https:\/\/www.abchukuk.com\/index.php\/wp-json\/wp\/v2\/tags?post=22961"}],"curies":[{"name":"wp","href":"https:\/\/api.w.org\/{rel}","templated":true}]}}