{"id":22955,"date":"2026-03-12T12:40:00","date_gmt":"2026-03-12T12:40:00","guid":{"rendered":"https:\/\/www.abchukuk.com\/index.php\/2026\/03\/12\/nazli-ilicak-ve-ahmet-altan-hakkinda-hapis-cezasi\/"},"modified":"2026-03-12T12:40:00","modified_gmt":"2026-03-12T12:40:00","slug":"nazli-ilicak-ve-ahmet-altan-hakkinda-hapis-cezasi","status":"publish","type":"post","link":"https:\/\/www.abchukuk.com\/index.php\/2026\/03\/12\/nazli-ilicak-ve-ahmet-altan-hakkinda-hapis-cezasi\/","title":{"rendered":"Nazl\u0131 Il\u0131cak ve Ahmet Altan hakk\u0131nda hapis cezas\u0131"},"content":{"rendered":"<p>Son dakika haberi&#8230; &#8216;Silahl\u0131 ter\u00f6r \u00f6rg\u00fct\u00fcne yard\u0131m etme&#8217; su\u00e7undan gazeteci Nazl\u0131 Il\u0131cak hakk\u0131nda 3 y\u0131l 9 ay, Ahmet Altan hakk\u0131nda 4 y\u0131l 6 ay hapis cezas\u0131 verildi.Son dakika haberi&#8230; &#8216;Silahl\u0131 ter\u00f6r \u00f6rg\u00fct\u00fcne yard\u0131m etme&#8217; su\u00e7undan gazeteci Nazl\u0131 Il\u0131cak hakk\u0131nda 3 y\u0131l 9 ay, Ahmet Altan hakk\u0131nda 4 y\u0131l 6 ay hapis cezas\u0131 verildi.\u00a0<a href=\"https:\/\/www.cumhuriyet.com.tr\/turkiye\/nazli-ilicak-ve-ahmet-altan-hakkinda-hapis-cezasi-2486207\" target=\"_blank\" class=\"feedzy-rss-link-icon\">Read More<\/a><\/p>","protected":false},"excerpt":{"rendered":"<p>Son dakika haberi&#8230; &#8216;Silahl\u0131 ter\u00f6r \u00f6rg\u00fct\u00fcne yard\u0131m etme&#8217; su\u00e7undan gazeteci Nazl\u0131 Il\u0131cak hakk\u0131nda 3 y\u0131l 9 ay, Ahmet Altan hakk\u0131nda 4 y\u0131l 6 ay hapis cezas\u0131 verildi.Son dakika haberi&#8230; &#8216;Silahl\u0131 ter\u00f6r \u00f6rg\u00fct\u00fcne yard\u0131m etme&#8217; su\u00e7undan gazeteci Nazl\u0131 Il\u0131cak hakk\u0131nda 3 y\u0131l 9 ay, Ahmet Altan hakk\u0131nda 4 y\u0131l 6 ay hapis cezas\u0131 verildi.\u00a0Read More<\/p>\n","protected":false},"author":1,"featured_media":22957,"comment_status":"open","ping_status":"open","sticky":false,"template":"","format":"standard","meta":{"footnotes":"","_links_to":"","_links_to_target":""},"categories":[1],"tags":[],"class_list":["post-22955","post","type-post","status-publish","format-standard","has-post-thumbnail","hentry","category-haberler"],"_links":{"self":[{"href":"https:\/\/www.abchukuk.com\/index.php\/wp-json\/wp\/v2\/posts\/22955","targetHints":{"allow":["GET"]}}],"collection":[{"href":"https:\/\/www.abchukuk.com\/index.php\/wp-json\/wp\/v2\/posts"}],"about":[{"href":"https:\/\/www.abchukuk.com\/index.php\/wp-json\/wp\/v2\/types\/post"}],"author":[{"embeddable":true,"href":"https:\/\/www.abchukuk.com\/index.php\/wp-json\/wp\/v2\/users\/1"}],"replies":[{"embeddable":true,"href":"https:\/\/www.abchukuk.com\/index.php\/wp-json\/wp\/v2\/comments?post=22955"}],"version-history":[{"count":0,"href":"https:\/\/www.abchukuk.com\/index.php\/wp-json\/wp\/v2\/posts\/22955\/revisions"}],"wp:featuredmedia":[{"embeddable":true,"href":"https:\/\/www.abchukuk.com\/index.php\/wp-json\/wp\/v2\/media\/22957"}],"wp:attachment":[{"href":"https:\/\/www.abchukuk.com\/index.php\/wp-json\/wp\/v2\/media?parent=22955"}],"wp:term":[{"taxonomy":"category","embeddable":true,"href":"https:\/\/www.abchukuk.com\/index.php\/wp-json\/wp\/v2\/categories?post=22955"},{"taxonomy":"post_tag","embeddable":true,"href":"https:\/\/www.abchukuk.com\/index.php\/wp-json\/wp\/v2\/tags?post=22955"}],"curies":[{"name":"wp","href":"https:\/\/api.w.org\/{rel}","templated":true}]}}