{"id":22953,"date":"2026-03-12T12:52:46","date_gmt":"2026-03-12T12:52:46","guid":{"rendered":"https:\/\/www.abchukuk.com\/index.php\/2026\/03\/12\/sontv-ozel-27-bin-hakim-ve-savciya-maas-mujdesi-seyyanen-zam-icin-ankarada-yogun-diplomasi\/"},"modified":"2026-03-12T12:52:46","modified_gmt":"2026-03-12T12:52:46","slug":"sontv-ozel-27-bin-hakim-ve-savciya-maas-mujdesi-seyyanen-zam-icin-ankarada-yogun-diplomasi","status":"publish","type":"post","link":"https:\/\/www.abchukuk.com\/index.php\/2026\/03\/12\/sontv-ozel-27-bin-hakim-ve-savciya-maas-mujdesi-seyyanen-zam-icin-ankarada-yogun-diplomasi\/","title":{"rendered":"SONTV-\u00d6ZEL|  27 Bin Hakim ve Savc\u0131ya Maa\u015f M\u00fcjdesi! Seyyanen zam i\u00e7in Ankara\u2019da yo\u011fun diplomasi"},"content":{"rendered":"<p>Yarg\u0131 camias\u0131n\u0131 yak\u0131ndan ilgilendiren maa\u015f d\u00fczenlemesi Ankara kulislerinde g\u00fcndemin \u00fcst s\u0131ralar\u0131na \u00e7\u0131kt\u0131. SONTV\u2019nin edindi\u011fi bilgilere g\u00f6re T\u00fcrkiye genelinde g\u00f6rev yapan yakla\u015f\u0131k 27 bin hakim ve savc\u0131n\u0131n maa\u015f ve \u00f6zl\u00fck haklar\u0131nda iyile\u015ftirme yap\u0131lmas\u0131na y\u00f6nelik kapsaml\u0131 bir \u00e7al\u0131\u015fma y\u00fcr\u00fct\u00fcl\u00fcyor. Adalet Bakan\u0131 Ak\u0131n G\u00fcrlek\u2019in, yarg\u0131 mensuplar\u0131n\u0131n maa\u015flar\u0131nda seyyanen art\u0131\u015f yap\u0131lmas\u0131 i\u00e7in ekonomi y\u00f6netimi ve ilgili kurumlarla yo\u011fun bir diplomasi trafi\u011fi y\u00fcr\u00fctt\u00fc\u011f\u00fc \u00f6\u011frenildi.<\/p>\n<p>27 Bin Hakim ve Savc\u0131y\u0131 \u0130lgilendiriyor<\/p>\n<p>Haz\u0131rlanan \u00e7al\u0131\u015fman\u0131n T\u00fcrkiye genelinde g\u00f6rev yapan yakla\u015f\u0131k 27 bin hakim ve savc\u0131y\u0131 kapsamas\u0131 bekleniyor. Yarg\u0131 te\u015fkilat\u0131n\u0131n g\u00fc\u00e7lendirilmesi ve mesle\u011fin ekonomik ko\u015fullar\u0131n\u0131n iyile\u015ftirilmesi amac\u0131yla haz\u0131rlanan d\u00fczenlemenin, uzun s\u00fcredir g\u00fcndemde olan \u00f6zl\u00fck haklar\u0131 taleplerine cevap vermesi hedefleniyor.<\/p>\n<p>Seyyanen Zam Form\u00fcl\u00fc Masada<\/p>\n<p>Yarg\u0131 kulislerinde konu\u015fulan bilgilere g\u00f6re haz\u0131rlanan \u00e7al\u0131\u015fma kapsam\u0131nda hakim ve savc\u0131lar\u0131n maa\u015flar\u0131na seyyanen yakla\u015f\u0131k 70 bin TL seviyesinde bir iyile\u015ftirme yap\u0131lmas\u0131 se\u00e7ene\u011fi \u00fczerinde duruluyor. Artan ya\u015fam maliyetleri ve \u00f6zellikle b\u00fcy\u00fck \u015fehirlerde g\u00f6rev yapan yarg\u0131 mensuplar\u0131n\u0131n ekonomik ko\u015fullar\u0131n\u0131n iyile\u015ftirilmesi amac\u0131yla bu form\u00fcl\u00fcn ciddi \u015fekilde de\u011ferlendirildi\u011fi ifade ediliyor.<\/p>\n<p>Yeni Adli Y\u0131lda Hesaplara Yatabilir<\/p>\n<p>Ankara kulislerinde konu\u015fulan bir di\u011fer \u00f6nemli bilgiye g\u00f6re yap\u0131lacak d\u00fczenlemenin yeni adli y\u0131l\u0131n ba\u015flayaca\u011f\u0131 Eyl\u00fcl ay\u0131nda y\u00fcr\u00fcrl\u00fc\u011fe girmesi ve zaml\u0131 maa\u015flar\u0131n ayn\u0131 d\u00f6nemde hesaplara yatmas\u0131 bekleniyor. B\u00f6ylece yarg\u0131 camias\u0131n\u0131n uzun s\u00fcredir bekledi\u011fi maa\u015f d\u00fczenlemesinin yeni adli y\u0131l ile birlikte hayata ge\u00e7irilmesi planlan\u0131yor.<\/p>\n<p>G\u00f6zler Cumhurba\u015fkanl\u0131\u011f\u0131 ve TBMM S\u00fcrecinde<\/p>\n<p>Haz\u0131rlanan \u00e7al\u0131\u015fman\u0131n tamamlanmas\u0131n\u0131n ard\u0131ndan d\u00fczenlemenin Cumhurba\u015fkanl\u0131\u011f\u0131 ve TBMM g\u00fcndemine gelmesi bekleniyor. Yarg\u0131 camias\u0131 ise Ankara\u2019da h\u0131zlanan temaslar\u0131n ard\u0131ndan yap\u0131lacak resmi a\u00e7\u0131klamay\u0131 yak\u0131ndan takip ediyor.<\/p>\n<p>SONTV\u2019nin yarg\u0131 kulislerinden edindi\u011fi bilgilere g\u00f6re, Adalet Bakan\u0131 Ak\u0131n G\u00fcrlek\u2019in y\u00fcr\u00fctt\u00fc\u011f\u00fc diplomasi trafi\u011fi \u00f6n\u00fcm\u00fczdeki s\u00fcre\u00e7te somut bir d\u00fczenlemeye d\u00f6n\u00fc\u015febilir.<\/p>\n<p>Yarg\u0131 camias\u0131n\u0131 yak\u0131ndan ilgilendiren maa\u015f d\u00fczenlemesi Ankara kulislerinde g\u00fcndemin \u00fcst s\u0131ralar\u0131na \u00e7\u0131kt\u0131. SONTV\u2019nin edindi\u011fi bilgilere g\u00f6re T\u00fcrkiye genelinde g\u00f6rev yapan yakla\u015f\u0131k 27 bin hakim ve savc\u0131n\u0131n maa\u015f ve \u00f6zl\u00fck haklar\u0131nda iyile\u015ftirme yap\u0131lmas\u0131na y\u00f6nelik kapsaml\u0131 bir \u00e7al\u0131\u015fma y\u00fcr\u00fct\u00fcl\u00fcyor. Adalet Bakan\u0131 Ak\u0131n G\u00fcrlek\u2019in, yarg\u0131 mensuplar\u0131n\u0131n maa\u015flar\u0131nda seyyanen art\u0131\u015f yap\u0131lmas\u0131 i\u00e7in ekonomi y\u00f6netimi ve ilgili kurumlarla yo\u011fun bir\u00a0<a href=\"https:\/\/www.son.tv\/sontv-ozel-27-bin-hakim-ve-savciya-maas-mujdesi-seyyanen-zam-icin-ankarada-yogun-diplomasi\/\" target=\"_blank\" class=\"feedzy-rss-link-icon\">Read More<\/a><\/p>","protected":false},"excerpt":{"rendered":"<p>Yarg\u0131 camias\u0131n\u0131 yak\u0131ndan ilgilendiren maa\u015f d\u00fczenlemesi Ankara kulislerinde g\u00fcndemin \u00fcst s\u0131ralar\u0131na \u00e7\u0131kt\u0131. SONTV\u2019nin edindi\u011fi bilgilere g\u00f6re T\u00fcrkiye genelinde g\u00f6rev yapan yakla\u015f\u0131k 27 bin hakim ve savc\u0131n\u0131n maa\u015f ve \u00f6zl\u00fck haklar\u0131nda iyile\u015ftirme yap\u0131lmas\u0131na y\u00f6nelik kapsaml\u0131 bir \u00e7al\u0131\u015fma y\u00fcr\u00fct\u00fcl\u00fcyor. Adalet Bakan\u0131 Ak\u0131n G\u00fcrlek\u2019in, yarg\u0131 mensuplar\u0131n\u0131n maa\u015flar\u0131nda seyyanen art\u0131\u015f yap\u0131lmas\u0131 i\u00e7in ekonomi y\u00f6netimi ve ilgili kurumlarla yo\u011fun bir [&hellip;]<\/p>\n","protected":false},"author":1,"featured_media":0,"comment_status":"open","ping_status":"open","sticky":false,"template":"","format":"standard","meta":{"footnotes":"","_links_to":"","_links_to_target":""},"categories":[1],"tags":[],"class_list":["post-22953","post","type-post","status-publish","format-standard","hentry","category-haberler"],"_links":{"self":[{"href":"https:\/\/www.abchukuk.com\/index.php\/wp-json\/wp\/v2\/posts\/22953","targetHints":{"allow":["GET"]}}],"collection":[{"href":"https:\/\/www.abchukuk.com\/index.php\/wp-json\/wp\/v2\/posts"}],"about":[{"href":"https:\/\/www.abchukuk.com\/index.php\/wp-json\/wp\/v2\/types\/post"}],"author":[{"embeddable":true,"href":"https:\/\/www.abchukuk.com\/index.php\/wp-json\/wp\/v2\/users\/1"}],"replies":[{"embeddable":true,"href":"https:\/\/www.abchukuk.com\/index.php\/wp-json\/wp\/v2\/comments?post=22953"}],"version-history":[{"count":0,"href":"https:\/\/www.abchukuk.com\/index.php\/wp-json\/wp\/v2\/posts\/22953\/revisions"}],"wp:attachment":[{"href":"https:\/\/www.abchukuk.com\/index.php\/wp-json\/wp\/v2\/media?parent=22953"}],"wp:term":[{"taxonomy":"category","embeddable":true,"href":"https:\/\/www.abchukuk.com\/index.php\/wp-json\/wp\/v2\/categories?post=22953"},{"taxonomy":"post_tag","embeddable":true,"href":"https:\/\/www.abchukuk.com\/index.php\/wp-json\/wp\/v2\/tags?post=22953"}],"curies":[{"name":"wp","href":"https:\/\/api.w.org\/{rel}","templated":true}]}}