{"id":22951,"date":"2026-03-12T11:06:00","date_gmt":"2026-03-12T11:06:00","guid":{"rendered":"https:\/\/www.abchukuk.com\/index.php\/2026\/03\/12\/dogum-izni-duzenlemesini-iceren-kanun-teklifinin-komisyon-gorusmeleri-ertelendi\/"},"modified":"2026-03-12T11:06:00","modified_gmt":"2026-03-12T11:06:00","slug":"dogum-izni-duzenlemesini-iceren-kanun-teklifinin-komisyon-gorusmeleri-ertelendi","status":"publish","type":"post","link":"https:\/\/www.abchukuk.com\/index.php\/2026\/03\/12\/dogum-izni-duzenlemesini-iceren-kanun-teklifinin-komisyon-gorusmeleri-ertelendi\/","title":{"rendered":"&#8216;Do\u011fum izni&#8217; d\u00fczenlemesini i\u00e7eren kanun teklifinin komisyon g\u00f6r\u00fc\u015fmeleri ertelendi"},"content":{"rendered":"<p>Sosyal medyaya ve do\u011fum iznine y\u00f6nelik d\u00fczenlemeleri de i\u00e7eren Sosyal Hizmetler Kanunu ve Baz\u0131 Kanunlarda De\u011fi\u015fiklik Yap\u0131lmas\u0131 Hakk\u0131nda Kanun Teklifi&#8217;nin TBMM Sa\u011fl\u0131k, Aile, \u00c7al\u0131\u015fma ve Sosyal \u0130\u015fler Komisyonu&#8217;ndaki g\u00f6r\u00fc\u015fmeleri, Ramazan Bayram\u0131 sonras\u0131na ertelendi.Sosyal medyaya ve do\u011fum iznine y\u00f6nelik d\u00fczenlemeleri de i\u00e7eren Sosyal Hizmetler Kanunu ve Baz\u0131 Kanunlarda De\u011fi\u015fiklik Yap\u0131lmas\u0131 Hakk\u0131nda Kanun Teklifi&#8217;nin TBMM Sa\u011fl\u0131k, Aile, \u00c7al\u0131\u015fma ve Sosyal \u0130\u015fler Komisyonu&#8217;ndaki g\u00f6r\u00fc\u015fmeleri, Ramazan Bayram\u0131 sonras\u0131na ertelendi.\u00a0<a href=\"https:\/\/www.cumhuriyet.com.tr\/siyaset\/dogum-izni-duzenlemesini-iceren-kanun-teklifinin-komisyon-gorusmeleri-ertelendi-2486180\" target=\"_blank\" class=\"feedzy-rss-link-icon\">Read More<\/a><\/p>","protected":false},"excerpt":{"rendered":"<p>Sosyal medyaya ve do\u011fum iznine y\u00f6nelik d\u00fczenlemeleri de i\u00e7eren Sosyal Hizmetler Kanunu ve Baz\u0131 Kanunlarda De\u011fi\u015fiklik Yap\u0131lmas\u0131 Hakk\u0131nda Kanun Teklifi&#8217;nin TBMM Sa\u011fl\u0131k, Aile, \u00c7al\u0131\u015fma ve Sosyal \u0130\u015fler Komisyonu&#8217;ndaki g\u00f6r\u00fc\u015fmeleri, Ramazan Bayram\u0131 sonras\u0131na ertelendi.Sosyal medyaya ve do\u011fum iznine y\u00f6nelik d\u00fczenlemeleri de i\u00e7eren Sosyal Hizmetler Kanunu ve Baz\u0131 Kanunlarda De\u011fi\u015fiklik Yap\u0131lmas\u0131 Hakk\u0131nda Kanun Teklifi&#8217;nin TBMM Sa\u011fl\u0131k, Aile, [&hellip;]<\/p>\n","protected":false},"author":1,"featured_media":22952,"comment_status":"open","ping_status":"open","sticky":false,"template":"","format":"standard","meta":{"footnotes":"","_links_to":"","_links_to_target":""},"categories":[1],"tags":[],"class_list":["post-22951","post","type-post","status-publish","format-standard","has-post-thumbnail","hentry","category-haberler"],"_links":{"self":[{"href":"https:\/\/www.abchukuk.com\/index.php\/wp-json\/wp\/v2\/posts\/22951","targetHints":{"allow":["GET"]}}],"collection":[{"href":"https:\/\/www.abchukuk.com\/index.php\/wp-json\/wp\/v2\/posts"}],"about":[{"href":"https:\/\/www.abchukuk.com\/index.php\/wp-json\/wp\/v2\/types\/post"}],"author":[{"embeddable":true,"href":"https:\/\/www.abchukuk.com\/index.php\/wp-json\/wp\/v2\/users\/1"}],"replies":[{"embeddable":true,"href":"https:\/\/www.abchukuk.com\/index.php\/wp-json\/wp\/v2\/comments?post=22951"}],"version-history":[{"count":0,"href":"https:\/\/www.abchukuk.com\/index.php\/wp-json\/wp\/v2\/posts\/22951\/revisions"}],"wp:featuredmedia":[{"embeddable":true,"href":"https:\/\/www.abchukuk.com\/index.php\/wp-json\/wp\/v2\/media\/22952"}],"wp:attachment":[{"href":"https:\/\/www.abchukuk.com\/index.php\/wp-json\/wp\/v2\/media?parent=22951"}],"wp:term":[{"taxonomy":"category","embeddable":true,"href":"https:\/\/www.abchukuk.com\/index.php\/wp-json\/wp\/v2\/categories?post=22951"},{"taxonomy":"post_tag","embeddable":true,"href":"https:\/\/www.abchukuk.com\/index.php\/wp-json\/wp\/v2\/tags?post=22951"}],"curies":[{"name":"wp","href":"https:\/\/api.w.org\/{rel}","templated":true}]}}