{"id":22949,"date":"2026-03-12T11:14:42","date_gmt":"2026-03-12T11:14:42","guid":{"rendered":"https:\/\/www.abchukuk.com\/index.php\/2026\/03\/12\/bassavci-guven-maltepe-acik-ceza-infaz-kurumunda-iftar-programina-katildi\/"},"modified":"2026-03-12T11:14:42","modified_gmt":"2026-03-12T11:14:42","slug":"bassavci-guven-maltepe-acik-ceza-infaz-kurumunda-iftar-programina-katildi","status":"publish","type":"post","link":"https:\/\/www.abchukuk.com\/index.php\/2026\/03\/12\/bassavci-guven-maltepe-acik-ceza-infaz-kurumunda-iftar-programina-katildi\/","title":{"rendered":"Ba\u015fsavc\u0131 G\u00fcven, Maltepe A\u00e7\u0131k Ceza \u0130nfaz Kurumunda iftar program\u0131na kat\u0131ld\u0131"},"content":{"rendered":"<p class=\"p1\">\u0130stanbul Anadolu Cumhuriyet Ba\u015fsavc\u0131s\u0131 Mehmet Be\u015fir G\u00fcven, Maltepe A\u00e7\u0131k Ceza \u0130nfaz Kurumu taraf\u0131ndan d\u00fczenlenen iftar program\u0131na kat\u0131ld\u0131.<\/p>\n<p><a href=\"https:\/\/www.son.tv\/wp-content\/uploads\/2026\/03\/0c9aba5d-a24d-4a40-b77f-30158e781225.jpeg\"><img fetchpriority=\"high\" decoding=\"async\" class=\"alignnone size-large wp-image-169220\" src=\"https:\/\/www.son.tv\/wp-content\/uploads\/2026\/03\/0c9aba5d-a24d-4a40-b77f-30158e781225-1024x682.jpeg\" alt=\"\" width=\"1024\" height=\"682\" \/><\/a><\/p>\n<p class=\"p1\"><span class=\"s1\">Ger\u00e7ekle\u015ftirilen iftar program\u0131nda; Ba\u015fsavc\u0131 G\u00fcven, personelle bir araya geldi.<\/span><\/p>\n<p><a href=\"https:\/\/www.son.tv\/wp-content\/uploads\/2026\/03\/b80601a1-473c-453a-9a4a-0934a31650a5.jpeg\"><img decoding=\"async\" class=\"alignnone size-large wp-image-169221\" src=\"https:\/\/www.son.tv\/wp-content\/uploads\/2026\/03\/b80601a1-473c-453a-9a4a-0934a31650a5-1024x682.jpeg\" alt=\"\" width=\"1024\" height=\"682\" \/><\/a><\/p>\n<p class=\"p1\"><span class=\"s1\">Programa ayr\u0131ca ba\u015fsavc\u0131 vekilleri, Anadolu Adalet Komisyonu \u00fcyeleri, Cumhuriyet savc\u0131lar\u0131 ile Ceza ve Tevkifevleri ile infaz biriminde g\u00f6rev yapan personeller de kat\u0131ld\u0131.<\/span><\/p>\n<p><a href=\"https:\/\/www.son.tv\/wp-content\/uploads\/2026\/03\/77634698-773d-41ba-b637-5e61043f2541.jpeg\"><img decoding=\"async\" class=\"alignnone size-large wp-image-169222\" src=\"https:\/\/www.son.tv\/wp-content\/uploads\/2026\/03\/77634698-773d-41ba-b637-5e61043f2541-1024x683.jpeg\" alt=\"\" width=\"1024\" height=\"683\" \/><\/a> <a href=\"https:\/\/www.son.tv\/wp-content\/uploads\/2026\/03\/5c1a1675-5dc0-47b4-93cb-63ea1298ed27.jpeg\"><img loading=\"lazy\" decoding=\"async\" loading=\"lazy\" class=\"alignnone size-large wp-image-169223\" src=\"https:\/\/www.son.tv\/wp-content\/uploads\/2026\/03\/5c1a1675-5dc0-47b4-93cb-63ea1298ed27-1024x682.jpeg\" alt=\"\" width=\"1024\" height=\"682\" \/><\/a><\/p>\n<p>Maltepe A\u00e7\u0131k Ceza \u0130nfaz Kurumunda iftar program\u0131na kat\u0131lan Anadolu Cumhuriyet Ba\u015fsavc\u0131s\u0131 G\u00fcven personellerle bir araya geldi.\u00a0<a href=\"https:\/\/www.son.tv\/bassavci-guven-maltepe-acik-ceza-infaz-kurumunda-iftar-programina-katildi\/\" target=\"_blank\" class=\"feedzy-rss-link-icon\">Read More<\/a><\/p>","protected":false},"excerpt":{"rendered":"<p>\u0130stanbul Anadolu Cumhuriyet Ba\u015fsavc\u0131s\u0131 Mehmet Be\u015fir G\u00fcven, Maltepe A\u00e7\u0131k Ceza \u0130nfaz Kurumu taraf\u0131ndan d\u00fczenlenen iftar program\u0131na kat\u0131ld\u0131. Ger\u00e7ekle\u015ftirilen iftar program\u0131nda; Ba\u015fsavc\u0131 G\u00fcven, personelle bir araya geldi. Programa ayr\u0131ca ba\u015fsavc\u0131 vekilleri, Anadolu Adalet Komisyonu \u00fcyeleri, Cumhuriyet savc\u0131lar\u0131 ile Ceza ve Tevkifevleri ile infaz biriminde g\u00f6rev yapan personeller de kat\u0131ld\u0131. Maltepe A\u00e7\u0131k Ceza \u0130nfaz Kurumunda iftar program\u0131na [&hellip;]<\/p>\n","protected":false},"author":1,"featured_media":22950,"comment_status":"open","ping_status":"open","sticky":false,"template":"","format":"standard","meta":{"footnotes":"","_links_to":"","_links_to_target":""},"categories":[1],"tags":[],"class_list":["post-22949","post","type-post","status-publish","format-standard","has-post-thumbnail","hentry","category-haberler"],"_links":{"self":[{"href":"https:\/\/www.abchukuk.com\/index.php\/wp-json\/wp\/v2\/posts\/22949","targetHints":{"allow":["GET"]}}],"collection":[{"href":"https:\/\/www.abchukuk.com\/index.php\/wp-json\/wp\/v2\/posts"}],"about":[{"href":"https:\/\/www.abchukuk.com\/index.php\/wp-json\/wp\/v2\/types\/post"}],"author":[{"embeddable":true,"href":"https:\/\/www.abchukuk.com\/index.php\/wp-json\/wp\/v2\/users\/1"}],"replies":[{"embeddable":true,"href":"https:\/\/www.abchukuk.com\/index.php\/wp-json\/wp\/v2\/comments?post=22949"}],"version-history":[{"count":0,"href":"https:\/\/www.abchukuk.com\/index.php\/wp-json\/wp\/v2\/posts\/22949\/revisions"}],"wp:featuredmedia":[{"embeddable":true,"href":"https:\/\/www.abchukuk.com\/index.php\/wp-json\/wp\/v2\/media\/22950"}],"wp:attachment":[{"href":"https:\/\/www.abchukuk.com\/index.php\/wp-json\/wp\/v2\/media?parent=22949"}],"wp:term":[{"taxonomy":"category","embeddable":true,"href":"https:\/\/www.abchukuk.com\/index.php\/wp-json\/wp\/v2\/categories?post=22949"},{"taxonomy":"post_tag","embeddable":true,"href":"https:\/\/www.abchukuk.com\/index.php\/wp-json\/wp\/v2\/tags?post=22949"}],"curies":[{"name":"wp","href":"https:\/\/api.w.org\/{rel}","templated":true}]}}