{"id":22942,"date":"2026-03-12T10:11:35","date_gmt":"2026-03-12T10:11:35","guid":{"rendered":"https:\/\/www.abchukuk.com\/index.php\/2026\/03\/12\/hsk-1-daire-uyesi-ozdemir-buyukcekmece-adliyesini-ziyaret-etti\/"},"modified":"2026-03-12T10:11:35","modified_gmt":"2026-03-12T10:11:35","slug":"hsk-1-daire-uyesi-ozdemir-buyukcekmece-adliyesini-ziyaret-etti","status":"publish","type":"post","link":"https:\/\/www.abchukuk.com\/index.php\/2026\/03\/12\/hsk-1-daire-uyesi-ozdemir-buyukcekmece-adliyesini-ziyaret-etti\/","title":{"rendered":"HSK 1. Daire \u00dcyesi \u00d6zdemir B\u00fcy\u00fck\u00e7ekmece Adliyesi\u2019ni ziyaret etti"},"content":{"rendered":"<p>HSK 1. Daire \u00dcyesi Sait \u00d6zdemir, B\u00fcy\u00fck\u00e7ekmece Adliyesi\u2019ni ziyaret etti. \u00d6zdemir\u2019i B\u00fcy\u00fck\u00e7ekmece Cumhuriyet Ba\u015fsavc\u0131s\u0131 Mehmet Ayd\u0131n a\u011f\u0131rlad\u0131.<\/p>\n<p>Y\u00dcR\u00dcT\u00dcLEN \u00c7ALI\u015eMALAR HAKKINDA B\u0130LG\u0130 ALDI<\/p>\n<p>Ziyaret kapsam\u0131nda \u00d6zdemir, Ba\u015fsavc\u0131 Hasan Dalak ve Adalet Komisyonu Ba\u015fkan\u0131 Ramazan Oru\u00e7 ile bir araya gelerek adliyenin i\u015fleyi\u015fi ve y\u00fcr\u00fct\u00fclen \u00e7al\u0131\u015fmalar hakk\u0131nda bilgi ald\u0131. G\u00f6r\u00fc\u015fmede yarg\u0131 hizmetlerinin etkinli\u011fi ve adliyedeki \u00e7al\u0131\u015fmalar \u00fczerine de\u011ferlendirmelerde bulunuldu.<\/p>\n<p>HATIRA FOTO\u011eRAFI \u0130LE SONA ERD\u0130<\/p>\n<p>Ziyaret, g\u00fcn\u00fcn an\u0131s\u0131na \u00e7ekilen hat\u0131ra foto\u011fraf\u0131 ile sona erdi.<\/p>\n<p>B\u00fcy\u00fck\u00e7ekmece Adliyesi\u2019ni ziyaret eden HSK 1. Daire \u00dcyesi Sait \u00d6zdemir, B\u00fcy\u00fck\u00e7ekmece Cumhuriyet Ba\u015fsavc\u0131s\u0131 Mehmet Ayd\u0131n ile biraya geldi. Ziyarette adliyenin \u00e7al\u0131\u015fmalar\u0131 ve y\u00fcr\u00fct\u00fclen faaliyetler hakk\u0131nda de\u011ferlendirmelerde bulunuldu.\u00a0<a href=\"https:\/\/www.son.tv\/hsk-1-daire-uyesi-ozdemir-buyukcekmece-adliyesini-ziyaret-etti\/\" target=\"_blank\" class=\"feedzy-rss-link-icon\">Read More<\/a><\/p>","protected":false},"excerpt":{"rendered":"<p>HSK 1. Daire \u00dcyesi Sait \u00d6zdemir, B\u00fcy\u00fck\u00e7ekmece Adliyesi\u2019ni ziyaret etti. \u00d6zdemir\u2019i B\u00fcy\u00fck\u00e7ekmece Cumhuriyet Ba\u015fsavc\u0131s\u0131 Mehmet Ayd\u0131n a\u011f\u0131rlad\u0131. Y\u00dcR\u00dcT\u00dcLEN \u00c7ALI\u015eMALAR HAKKINDA B\u0130LG\u0130 ALDI Ziyaret kapsam\u0131nda \u00d6zdemir, Ba\u015fsavc\u0131 Hasan Dalak ve Adalet Komisyonu Ba\u015fkan\u0131 Ramazan Oru\u00e7 ile bir araya gelerek adliyenin i\u015fleyi\u015fi ve y\u00fcr\u00fct\u00fclen \u00e7al\u0131\u015fmalar hakk\u0131nda bilgi ald\u0131. G\u00f6r\u00fc\u015fmede yarg\u0131 hizmetlerinin etkinli\u011fi ve adliyedeki \u00e7al\u0131\u015fmalar \u00fczerine de\u011ferlendirmelerde [&hellip;]<\/p>\n","protected":false},"author":1,"featured_media":0,"comment_status":"open","ping_status":"open","sticky":false,"template":"","format":"standard","meta":{"footnotes":"","_links_to":"","_links_to_target":""},"categories":[1],"tags":[],"class_list":["post-22942","post","type-post","status-publish","format-standard","hentry","category-haberler"],"_links":{"self":[{"href":"https:\/\/www.abchukuk.com\/index.php\/wp-json\/wp\/v2\/posts\/22942","targetHints":{"allow":["GET"]}}],"collection":[{"href":"https:\/\/www.abchukuk.com\/index.php\/wp-json\/wp\/v2\/posts"}],"about":[{"href":"https:\/\/www.abchukuk.com\/index.php\/wp-json\/wp\/v2\/types\/post"}],"author":[{"embeddable":true,"href":"https:\/\/www.abchukuk.com\/index.php\/wp-json\/wp\/v2\/users\/1"}],"replies":[{"embeddable":true,"href":"https:\/\/www.abchukuk.com\/index.php\/wp-json\/wp\/v2\/comments?post=22942"}],"version-history":[{"count":0,"href":"https:\/\/www.abchukuk.com\/index.php\/wp-json\/wp\/v2\/posts\/22942\/revisions"}],"wp:attachment":[{"href":"https:\/\/www.abchukuk.com\/index.php\/wp-json\/wp\/v2\/media?parent=22942"}],"wp:term":[{"taxonomy":"category","embeddable":true,"href":"https:\/\/www.abchukuk.com\/index.php\/wp-json\/wp\/v2\/categories?post=22942"},{"taxonomy":"post_tag","embeddable":true,"href":"https:\/\/www.abchukuk.com\/index.php\/wp-json\/wp\/v2\/tags?post=22942"}],"curies":[{"name":"wp","href":"https:\/\/api.w.org\/{rel}","templated":true}]}}