{"id":22936,"date":"2026-03-12T07:59:40","date_gmt":"2026-03-12T07:59:40","guid":{"rendered":"https:\/\/www.abchukuk.com\/index.php\/2026\/03\/12\/resmi-gazetede-yayimlandi-ilac-fiyatlarina-zam-geldi\/"},"modified":"2026-03-12T07:59:40","modified_gmt":"2026-03-12T07:59:40","slug":"resmi-gazetede-yayimlandi-ilac-fiyatlarina-zam-geldi","status":"publish","type":"post","link":"https:\/\/www.abchukuk.com\/index.php\/2026\/03\/12\/resmi-gazetede-yayimlandi-ilac-fiyatlarina-zam-geldi\/","title":{"rendered":"Resmi Gazete&#8217;de Yay\u0131mland\u0131: \u0130la\u00e7 Fiyatlar\u0131na Zam Geldi"},"content":{"rendered":"<p><a href=\"https:\/\/www.gercekgundem.com\/ekonomi\/resmi-gazetede-yayimlandi-ilac-fiyatlarina-zam-geldi-567975\"><br \/>\n                                                            <img decoding=\"async\" src=\"https:\/\/i.gercekgundem.com\/2\/150\/84\/storage\/files\/images\/2026\/03\/12\/resmi-gazetede-yayimlandi-ilac-fiyatlarina-zam-geldi-o1oz.jpg\" width=\"150\" height=\"84\" border=\"0\" align=\"right\" \/><br \/>\n                                                    <\/a><\/p>\n<h4>Resmi Gazete\u2019de yay\u0131mlanan d\u00fczenlemeye g\u00f6re ila\u00e7 fiyatlar\u0131n\u0131n belirlenmesinde kullan\u0131lan euro kuru g\u00fcncellendi. Buna g\u00f6re ila\u00e7 fiyatlar\u0131na iki a\u015famal\u0131 zam yap\u0131lacak ve 1 Nisan\u2019a kadar toplam art\u0131\u015f oran\u0131 yakla\u015f\u0131k y\u00fczde 14,9 olacak.<\/h4>\n<p>Resmi Gazete\u2019de yay\u0131mlanan d\u00fczenlemeye g\u00f6re ila\u00e7 fiyatlar\u0131n\u0131n belirlenmesinde kullan\u0131lan euro kuru g\u00fcncellendi. Buna g\u00f6re ila\u00e7 fiyatlar\u0131na iki a\u015famal\u0131 zam yap\u0131lacak ve 1 Nisan\u2019a kadar toplam art\u0131\u015f oran\u0131 yakla\u015f\u0131k y\u00fczde 14,9 olacak.\u00a0<a href=\"https:\/\/www.gercekgundem.com\/ekonomi\/resmi-gazetede-yayimlandi-ilac-fiyatlarina-zam-geldi-567975\" target=\"_blank\" class=\"feedzy-rss-link-icon\">Read More<\/a><\/p>","protected":false},"excerpt":{"rendered":"<p>Resmi Gazete\u2019de yay\u0131mlanan d\u00fczenlemeye g\u00f6re ila\u00e7 fiyatlar\u0131n\u0131n belirlenmesinde kullan\u0131lan euro kuru g\u00fcncellendi. Buna g\u00f6re ila\u00e7 fiyatlar\u0131na iki a\u015famal\u0131 zam yap\u0131lacak ve 1 Nisan\u2019a kadar toplam art\u0131\u015f oran\u0131 yakla\u015f\u0131k y\u00fczde 14,9 olacak. Resmi Gazete\u2019de yay\u0131mlanan d\u00fczenlemeye g\u00f6re ila\u00e7 fiyatlar\u0131n\u0131n belirlenmesinde kullan\u0131lan euro kuru g\u00fcncellendi. Buna g\u00f6re ila\u00e7 fiyatlar\u0131na iki a\u015famal\u0131 zam yap\u0131lacak ve 1 Nisan\u2019a kadar [&hellip;]<\/p>\n","protected":false},"author":1,"featured_media":22937,"comment_status":"open","ping_status":"open","sticky":false,"template":"","format":"standard","meta":{"footnotes":"","_links_to":"","_links_to_target":""},"categories":[1],"tags":[],"class_list":["post-22936","post","type-post","status-publish","format-standard","has-post-thumbnail","hentry","category-haberler"],"_links":{"self":[{"href":"https:\/\/www.abchukuk.com\/index.php\/wp-json\/wp\/v2\/posts\/22936","targetHints":{"allow":["GET"]}}],"collection":[{"href":"https:\/\/www.abchukuk.com\/index.php\/wp-json\/wp\/v2\/posts"}],"about":[{"href":"https:\/\/www.abchukuk.com\/index.php\/wp-json\/wp\/v2\/types\/post"}],"author":[{"embeddable":true,"href":"https:\/\/www.abchukuk.com\/index.php\/wp-json\/wp\/v2\/users\/1"}],"replies":[{"embeddable":true,"href":"https:\/\/www.abchukuk.com\/index.php\/wp-json\/wp\/v2\/comments?post=22936"}],"version-history":[{"count":0,"href":"https:\/\/www.abchukuk.com\/index.php\/wp-json\/wp\/v2\/posts\/22936\/revisions"}],"wp:featuredmedia":[{"embeddable":true,"href":"https:\/\/www.abchukuk.com\/index.php\/wp-json\/wp\/v2\/media\/22937"}],"wp:attachment":[{"href":"https:\/\/www.abchukuk.com\/index.php\/wp-json\/wp\/v2\/media?parent=22936"}],"wp:term":[{"taxonomy":"category","embeddable":true,"href":"https:\/\/www.abchukuk.com\/index.php\/wp-json\/wp\/v2\/categories?post=22936"},{"taxonomy":"post_tag","embeddable":true,"href":"https:\/\/www.abchukuk.com\/index.php\/wp-json\/wp\/v2\/tags?post=22936"}],"curies":[{"name":"wp","href":"https:\/\/api.w.org\/{rel}","templated":true}]}}