{"id":22930,"date":"2026-03-12T08:30:23","date_gmt":"2026-03-12T08:30:23","guid":{"rendered":"https:\/\/www.abchukuk.com\/index.php\/2026\/03\/12\/turkiyeye-iade-edilmesi-bekleniyordu-abd-mahkemesinden-flas-eylem-tok-karari\/"},"modified":"2026-03-12T08:30:23","modified_gmt":"2026-03-12T08:30:23","slug":"turkiyeye-iade-edilmesi-bekleniyordu-abd-mahkemesinden-flas-eylem-tok-karari","status":"publish","type":"post","link":"https:\/\/www.abchukuk.com\/index.php\/2026\/03\/12\/turkiyeye-iade-edilmesi-bekleniyordu-abd-mahkemesinden-flas-eylem-tok-karari\/","title":{"rendered":"T\u00fcrkiye&#8217;ye \u0130ade Edilmesi Bekleniyordu&#8230; ABD Mahkemesinden Fla\u015f Eylem Tok Karar\u0131"},"content":{"rendered":"<p><a href=\"https:\/\/www.gercekgundem.com\/guncel\/turkiyeye-iade-edilmesi-bekleniyordu-abd-mahkemesinden-flas-eylem-tok-karari-567977\"><br \/>\n                                                            <img decoding=\"async\" src=\"https:\/\/i.gercekgundem.com\/2\/150\/84\/storage\/files\/images\/2026\/03\/12\/turkiyeye-iade-edilmesi-bekleniyordu-abd-mahkemesinden-flas-eylem-tok-karari-3yuz.jpg\" width=\"150\" height=\"84\" border=\"0\" align=\"right\" \/><br \/>\n                                                    <\/a><\/p>\n<h4>\u0130stanbul&#8217;da O\u011fuz Murat Aci&#8217;nin \u00f6l\u00fcm\u00fcne neden olan kazaya ili\u015fkin o\u011flu Timur Cihantimur ile ABD&#8217;ye ka\u00e7an yazar Eylem Tok&#8217;un T\u00fcrkiye&#8217;ye iadesi ge\u00e7ici olarak durduruldu.<\/h4>\n<p>\u0130stanbul&#8217;da O\u011fuz Murat Aci&#8217;nin \u00f6l\u00fcm\u00fcne neden olan kazaya ili\u015fkin o\u011flu Timur Cihantimur ile ABD&#8217;ye ka\u00e7an yazar Eylem Tok&#8217;un T\u00fcrkiye&#8217;ye iadesi ge\u00e7ici olarak durduruldu.\u00a0<a href=\"https:\/\/www.gercekgundem.com\/guncel\/turkiyeye-iade-edilmesi-bekleniyordu-abd-mahkemesinden-flas-eylem-tok-karari-567977\" target=\"_blank\" class=\"feedzy-rss-link-icon\">Read More<\/a><\/p>","protected":false},"excerpt":{"rendered":"<p>\u0130stanbul&#8217;da O\u011fuz Murat Aci&#8217;nin \u00f6l\u00fcm\u00fcne neden olan kazaya ili\u015fkin o\u011flu Timur Cihantimur ile ABD&#8217;ye ka\u00e7an yazar Eylem Tok&#8217;un T\u00fcrkiye&#8217;ye iadesi ge\u00e7ici olarak durduruldu. \u0130stanbul&#8217;da O\u011fuz Murat Aci&#8217;nin \u00f6l\u00fcm\u00fcne neden olan kazaya ili\u015fkin o\u011flu Timur Cihantimur ile ABD&#8217;ye ka\u00e7an yazar Eylem Tok&#8217;un T\u00fcrkiye&#8217;ye iadesi ge\u00e7ici olarak durduruldu.\u00a0Read More<\/p>\n","protected":false},"author":1,"featured_media":22931,"comment_status":"open","ping_status":"open","sticky":false,"template":"","format":"standard","meta":{"footnotes":"","_links_to":"","_links_to_target":""},"categories":[1],"tags":[],"class_list":["post-22930","post","type-post","status-publish","format-standard","has-post-thumbnail","hentry","category-haberler"],"_links":{"self":[{"href":"https:\/\/www.abchukuk.com\/index.php\/wp-json\/wp\/v2\/posts\/22930","targetHints":{"allow":["GET"]}}],"collection":[{"href":"https:\/\/www.abchukuk.com\/index.php\/wp-json\/wp\/v2\/posts"}],"about":[{"href":"https:\/\/www.abchukuk.com\/index.php\/wp-json\/wp\/v2\/types\/post"}],"author":[{"embeddable":true,"href":"https:\/\/www.abchukuk.com\/index.php\/wp-json\/wp\/v2\/users\/1"}],"replies":[{"embeddable":true,"href":"https:\/\/www.abchukuk.com\/index.php\/wp-json\/wp\/v2\/comments?post=22930"}],"version-history":[{"count":0,"href":"https:\/\/www.abchukuk.com\/index.php\/wp-json\/wp\/v2\/posts\/22930\/revisions"}],"wp:featuredmedia":[{"embeddable":true,"href":"https:\/\/www.abchukuk.com\/index.php\/wp-json\/wp\/v2\/media\/22931"}],"wp:attachment":[{"href":"https:\/\/www.abchukuk.com\/index.php\/wp-json\/wp\/v2\/media?parent=22930"}],"wp:term":[{"taxonomy":"category","embeddable":true,"href":"https:\/\/www.abchukuk.com\/index.php\/wp-json\/wp\/v2\/categories?post=22930"},{"taxonomy":"post_tag","embeddable":true,"href":"https:\/\/www.abchukuk.com\/index.php\/wp-json\/wp\/v2\/tags?post=22930"}],"curies":[{"name":"wp","href":"https:\/\/api.w.org\/{rel}","templated":true}]}}