{"id":22925,"date":"2026-03-12T08:55:55","date_gmt":"2026-03-12T08:55:55","guid":{"rendered":"https:\/\/www.abchukuk.com\/index.php\/2026\/03\/12\/ibb-davasi-4-gununde-durusmayla-ilgili-bilmeniz-gerekenler\/"},"modified":"2026-03-12T08:55:55","modified_gmt":"2026-03-12T08:55:55","slug":"ibb-davasi-4-gununde-durusmayla-ilgili-bilmeniz-gerekenler","status":"publish","type":"post","link":"https:\/\/www.abchukuk.com\/index.php\/2026\/03\/12\/ibb-davasi-4-gununde-durusmayla-ilgili-bilmeniz-gerekenler\/","title":{"rendered":"\u0130BB davas\u0131 4. g\u00fcn\u00fcnde: Duru\u015fmayla ilgili bilmeniz gerekenler"},"content":{"rendered":"<p>\u0130stanbul B\u00fcy\u00fck\u015fehir Belediye Ba\u015fkanl\u0131\u011f\u0131&#8217;ndan (\u0130BB) uzakla\u015ft\u0131r\u0131lan Ekrem \u0130mamo\u011flu&#8217;nun da aralar\u0131nda bulundu\u011fu 107&#8217;si tutuklu 402 ki\u015finin yarg\u0131land\u0131\u011f\u0131 \u0130BB davas\u0131 \u00fc\u00e7\u00fcnc\u00fc g\u00fcn\u00fcnde g\u00f6r\u00fclmeye devam ediyor.\u0130stanbul B\u00fcy\u00fck\u015fehir Belediye Ba\u015fkanl\u0131\u011f\u0131&#8217;ndan (\u0130BB) uzakla\u015ft\u0131r\u0131lan Ekrem \u0130mamo\u011flu&#8217;nun da aralar\u0131nda bulundu\u011fu 107&#8217;si tutuklu 402 ki\u015finin yarg\u0131land\u0131\u011f\u0131 \u0130BB davas\u0131 \u00fc\u00e7\u00fcnc\u00fc g\u00fcn\u00fcnde g\u00f6r\u00fclmeye devam ediyor.\u00a0<a href=\"https:\/\/www.bbc.com\/turkce\/articles\/clyz5qyy72qo?at_medium=RSS&amp;at_campaign=rss\" target=\"_blank\" class=\"feedzy-rss-link-icon\">Read More<\/a><\/p>","protected":false},"excerpt":{"rendered":"<p>\u0130stanbul B\u00fcy\u00fck\u015fehir Belediye Ba\u015fkanl\u0131\u011f\u0131&#8217;ndan (\u0130BB) uzakla\u015ft\u0131r\u0131lan Ekrem \u0130mamo\u011flu&#8217;nun da aralar\u0131nda bulundu\u011fu 107&#8217;si tutuklu 402 ki\u015finin yarg\u0131land\u0131\u011f\u0131 \u0130BB davas\u0131 \u00fc\u00e7\u00fcnc\u00fc g\u00fcn\u00fcnde g\u00f6r\u00fclmeye devam ediyor.\u0130stanbul B\u00fcy\u00fck\u015fehir Belediye Ba\u015fkanl\u0131\u011f\u0131&#8217;ndan (\u0130BB) uzakla\u015ft\u0131r\u0131lan Ekrem \u0130mamo\u011flu&#8217;nun da aralar\u0131nda bulundu\u011fu 107&#8217;si tutuklu 402 ki\u015finin yarg\u0131land\u0131\u011f\u0131 \u0130BB davas\u0131 \u00fc\u00e7\u00fcnc\u00fc g\u00fcn\u00fcnde g\u00f6r\u00fclmeye devam ediyor.\u00a0Read More<\/p>\n","protected":false},"author":1,"featured_media":22926,"comment_status":"open","ping_status":"open","sticky":false,"template":"","format":"standard","meta":{"footnotes":"","_links_to":"","_links_to_target":""},"categories":[1],"tags":[],"class_list":["post-22925","post","type-post","status-publish","format-standard","has-post-thumbnail","hentry","category-haberler"],"_links":{"self":[{"href":"https:\/\/www.abchukuk.com\/index.php\/wp-json\/wp\/v2\/posts\/22925","targetHints":{"allow":["GET"]}}],"collection":[{"href":"https:\/\/www.abchukuk.com\/index.php\/wp-json\/wp\/v2\/posts"}],"about":[{"href":"https:\/\/www.abchukuk.com\/index.php\/wp-json\/wp\/v2\/types\/post"}],"author":[{"embeddable":true,"href":"https:\/\/www.abchukuk.com\/index.php\/wp-json\/wp\/v2\/users\/1"}],"replies":[{"embeddable":true,"href":"https:\/\/www.abchukuk.com\/index.php\/wp-json\/wp\/v2\/comments?post=22925"}],"version-history":[{"count":0,"href":"https:\/\/www.abchukuk.com\/index.php\/wp-json\/wp\/v2\/posts\/22925\/revisions"}],"wp:featuredmedia":[{"embeddable":true,"href":"https:\/\/www.abchukuk.com\/index.php\/wp-json\/wp\/v2\/media\/22926"}],"wp:attachment":[{"href":"https:\/\/www.abchukuk.com\/index.php\/wp-json\/wp\/v2\/media?parent=22925"}],"wp:term":[{"taxonomy":"category","embeddable":true,"href":"https:\/\/www.abchukuk.com\/index.php\/wp-json\/wp\/v2\/categories?post=22925"},{"taxonomy":"post_tag","embeddable":true,"href":"https:\/\/www.abchukuk.com\/index.php\/wp-json\/wp\/v2\/tags?post=22925"}],"curies":[{"name":"wp","href":"https:\/\/api.w.org\/{rel}","templated":true}]}}