{"id":22919,"date":"2026-03-12T05:51:14","date_gmt":"2026-03-12T05:51:14","guid":{"rendered":"https:\/\/www.abchukuk.com\/index.php\/2026\/03\/12\/adalet-bakani-gurlek-duyurdu-rojin-kabaisin-ailesine-tehdide-sorusturma\/"},"modified":"2026-03-12T05:51:14","modified_gmt":"2026-03-12T05:51:14","slug":"adalet-bakani-gurlek-duyurdu-rojin-kabaisin-ailesine-tehdide-sorusturma","status":"publish","type":"post","link":"https:\/\/www.abchukuk.com\/index.php\/2026\/03\/12\/adalet-bakani-gurlek-duyurdu-rojin-kabaisin-ailesine-tehdide-sorusturma\/","title":{"rendered":"Adalet Bakan\u0131 G\u00fcrlek Duyurdu: Rojin Kabai\u015f&#8217;in Ailesine Tehdide Soru\u015fturma"},"content":{"rendered":"<p><a href=\"https:\/\/www.gercekgundem.com\/guncel\/adalet-bakani-gurlek-duyurdu-rojin-kabaisin-ailesine-tehdide-sorusturma-567969\"><br \/>\n                                                            <img decoding=\"async\" src=\"https:\/\/i.gercekgundem.com\/2\/150\/84\/storage\/files\/images\/2026\/03\/12\/adalet-bakani-gurlek-duyurdu-rojin-kabaisin-ailesine-tehdide-sorusturma-40na.jpg\" width=\"150\" height=\"84\" border=\"0\" align=\"right\" \/><br \/>\n                                                    <\/a><\/p>\n<h4>Adalet Bakan\u0131 Ak\u0131n G\u00fcrlek, Van&#8217;da \u015f\u00fcpheli \u015fekilde ya\u015fam\u0131n\u0131 yitiren \u00fcniversite \u00f6\u011frencisi Rojin Kabai\u015f&#8217;in ailesinin tehdit edildi\u011fi iddialar\u0131yla ilgili soru\u015fturma ba\u015flat\u0131ld\u0131\u011f\u0131n\u0131 a\u00e7\u0131klad\u0131.<\/h4>\n<p>Adalet Bakan\u0131 Ak\u0131n G\u00fcrlek, Van&#8217;da \u015f\u00fcpheli \u015fekilde ya\u015fam\u0131n\u0131 yitiren \u00fcniversite \u00f6\u011frencisi Rojin Kabai\u015f&#8217;in ailesinin tehdit edildi\u011fi iddialar\u0131yla ilgili soru\u015fturma ba\u015flat\u0131ld\u0131\u011f\u0131n\u0131 a\u00e7\u0131klad\u0131.\u00a0<a href=\"https:\/\/www.gercekgundem.com\/guncel\/adalet-bakani-gurlek-duyurdu-rojin-kabaisin-ailesine-tehdide-sorusturma-567969\" target=\"_blank\" class=\"feedzy-rss-link-icon\">Read More<\/a><\/p>","protected":false},"excerpt":{"rendered":"<p>Adalet Bakan\u0131 Ak\u0131n G\u00fcrlek, Van&#8217;da \u015f\u00fcpheli \u015fekilde ya\u015fam\u0131n\u0131 yitiren \u00fcniversite \u00f6\u011frencisi Rojin Kabai\u015f&#8217;in ailesinin tehdit edildi\u011fi iddialar\u0131yla ilgili soru\u015fturma ba\u015flat\u0131ld\u0131\u011f\u0131n\u0131 a\u00e7\u0131klad\u0131. Adalet Bakan\u0131 Ak\u0131n G\u00fcrlek, Van&#8217;da \u015f\u00fcpheli \u015fekilde ya\u015fam\u0131n\u0131 yitiren \u00fcniversite \u00f6\u011frencisi Rojin Kabai\u015f&#8217;in ailesinin tehdit edildi\u011fi iddialar\u0131yla ilgili soru\u015fturma ba\u015flat\u0131ld\u0131\u011f\u0131n\u0131 a\u00e7\u0131klad\u0131.\u00a0Read More<\/p>\n","protected":false},"author":1,"featured_media":22920,"comment_status":"open","ping_status":"open","sticky":false,"template":"","format":"standard","meta":{"footnotes":"","_links_to":"","_links_to_target":""},"categories":[1],"tags":[],"class_list":["post-22919","post","type-post","status-publish","format-standard","has-post-thumbnail","hentry","category-haberler"],"_links":{"self":[{"href":"https:\/\/www.abchukuk.com\/index.php\/wp-json\/wp\/v2\/posts\/22919","targetHints":{"allow":["GET"]}}],"collection":[{"href":"https:\/\/www.abchukuk.com\/index.php\/wp-json\/wp\/v2\/posts"}],"about":[{"href":"https:\/\/www.abchukuk.com\/index.php\/wp-json\/wp\/v2\/types\/post"}],"author":[{"embeddable":true,"href":"https:\/\/www.abchukuk.com\/index.php\/wp-json\/wp\/v2\/users\/1"}],"replies":[{"embeddable":true,"href":"https:\/\/www.abchukuk.com\/index.php\/wp-json\/wp\/v2\/comments?post=22919"}],"version-history":[{"count":0,"href":"https:\/\/www.abchukuk.com\/index.php\/wp-json\/wp\/v2\/posts\/22919\/revisions"}],"wp:featuredmedia":[{"embeddable":true,"href":"https:\/\/www.abchukuk.com\/index.php\/wp-json\/wp\/v2\/media\/22920"}],"wp:attachment":[{"href":"https:\/\/www.abchukuk.com\/index.php\/wp-json\/wp\/v2\/media?parent=22919"}],"wp:term":[{"taxonomy":"category","embeddable":true,"href":"https:\/\/www.abchukuk.com\/index.php\/wp-json\/wp\/v2\/categories?post=22919"},{"taxonomy":"post_tag","embeddable":true,"href":"https:\/\/www.abchukuk.com\/index.php\/wp-json\/wp\/v2\/tags?post=22919"}],"curies":[{"name":"wp","href":"https:\/\/api.w.org\/{rel}","templated":true}]}}