{"id":22914,"date":"2026-03-11T22:44:15","date_gmt":"2026-03-11T22:44:15","guid":{"rendered":"https:\/\/www.abchukuk.com\/index.php\/2026\/03\/11\/yasli-cift-evinde-cikan-yanginda-hayatini-kaybetti-ciftin-oglu-gelini-torunu-dahil-5-kisi-gozaltina-alindi\/"},"modified":"2026-03-11T22:44:15","modified_gmt":"2026-03-11T22:44:15","slug":"yasli-cift-evinde-cikan-yanginda-hayatini-kaybetti-ciftin-oglu-gelini-torunu-dahil-5-kisi-gozaltina-alindi","status":"publish","type":"post","link":"https:\/\/www.abchukuk.com\/index.php\/2026\/03\/11\/yasli-cift-evinde-cikan-yanginda-hayatini-kaybetti-ciftin-oglu-gelini-torunu-dahil-5-kisi-gozaltina-alindi\/","title":{"rendered":"Ya\u015fl\u0131 \u00e7ift evinde \u00e7\u0131kan yang\u0131nda hayat\u0131n\u0131 kaybetti: \u00c7iftin o\u011flu, gelini, torunu dahil 5 ki\u015fi g\u00f6zalt\u0131na al\u0131nd\u0131"},"content":{"rendered":"<p>Mu\u011fla&#8217;da evlerinde \u00e7\u0131kan yang\u0131nda hayat\u0131n\u0131 kaybeden ya\u015fl\u0131 \u00e7iftin o\u011flu, gelini dahil olmak \u00fczere 5 ki\u015fi g\u00f6zalt\u0131na al\u0131nd\u0131. Yang\u0131n\u0131 \u00e7iftin torunuyla e\u015finin \u00e7\u0131kard\u0131\u011f\u0131 belirlendi.Mu\u011fla&#8217;da evlerinde \u00e7\u0131kan yang\u0131nda hayat\u0131n\u0131 kaybeden ya\u015fl\u0131 \u00e7iftin o\u011flu, gelini dahil olmak \u00fczere 5 ki\u015fi g\u00f6zalt\u0131na al\u0131nd\u0131. Yang\u0131n\u0131 \u00e7iftin torunuyla e\u015finin \u00e7\u0131kard\u0131\u011f\u0131 belirlendi.\u00a0<a href=\"https:\/\/anlatilaninotesi.com.tr\/20260312\/yasli-cift-evinde-cikan-yanginda-hayatini-kaybetti-ciftin-oglu-gelini-torunu-dahil-5-kisi-gozaltina-1104188145.html\" target=\"_blank\" class=\"feedzy-rss-link-icon\">Read More<\/a><\/p>","protected":false},"excerpt":{"rendered":"<p>Mu\u011fla&#8217;da evlerinde \u00e7\u0131kan yang\u0131nda hayat\u0131n\u0131 kaybeden ya\u015fl\u0131 \u00e7iftin o\u011flu, gelini dahil olmak \u00fczere 5 ki\u015fi g\u00f6zalt\u0131na al\u0131nd\u0131. Yang\u0131n\u0131 \u00e7iftin torunuyla e\u015finin \u00e7\u0131kard\u0131\u011f\u0131 belirlendi.Mu\u011fla&#8217;da evlerinde \u00e7\u0131kan yang\u0131nda hayat\u0131n\u0131 kaybeden ya\u015fl\u0131 \u00e7iftin o\u011flu, gelini dahil olmak \u00fczere 5 ki\u015fi g\u00f6zalt\u0131na al\u0131nd\u0131. Yang\u0131n\u0131 \u00e7iftin torunuyla e\u015finin \u00e7\u0131kard\u0131\u011f\u0131 belirlendi.\u00a0Read More<\/p>\n","protected":false},"author":1,"featured_media":0,"comment_status":"open","ping_status":"open","sticky":false,"template":"","format":"standard","meta":{"footnotes":"","_links_to":"","_links_to_target":""},"categories":[1],"tags":[],"class_list":["post-22914","post","type-post","status-publish","format-standard","hentry","category-haberler"],"_links":{"self":[{"href":"https:\/\/www.abchukuk.com\/index.php\/wp-json\/wp\/v2\/posts\/22914","targetHints":{"allow":["GET"]}}],"collection":[{"href":"https:\/\/www.abchukuk.com\/index.php\/wp-json\/wp\/v2\/posts"}],"about":[{"href":"https:\/\/www.abchukuk.com\/index.php\/wp-json\/wp\/v2\/types\/post"}],"author":[{"embeddable":true,"href":"https:\/\/www.abchukuk.com\/index.php\/wp-json\/wp\/v2\/users\/1"}],"replies":[{"embeddable":true,"href":"https:\/\/www.abchukuk.com\/index.php\/wp-json\/wp\/v2\/comments?post=22914"}],"version-history":[{"count":0,"href":"https:\/\/www.abchukuk.com\/index.php\/wp-json\/wp\/v2\/posts\/22914\/revisions"}],"wp:attachment":[{"href":"https:\/\/www.abchukuk.com\/index.php\/wp-json\/wp\/v2\/media?parent=22914"}],"wp:term":[{"taxonomy":"category","embeddable":true,"href":"https:\/\/www.abchukuk.com\/index.php\/wp-json\/wp\/v2\/categories?post=22914"},{"taxonomy":"post_tag","embeddable":true,"href":"https:\/\/www.abchukuk.com\/index.php\/wp-json\/wp\/v2\/tags?post=22914"}],"curies":[{"name":"wp","href":"https:\/\/api.w.org\/{rel}","templated":true}]}}