{"id":22899,"date":"2026-03-11T21:54:00","date_gmt":"2026-03-11T21:54:00","guid":{"rendered":"https:\/\/www.abchukuk.com\/index.php\/2026\/03\/11\/3-cocuk-1-genci-darbedip-bicakla-agir-yaraladi-1-tutuklama\/"},"modified":"2026-03-11T21:54:00","modified_gmt":"2026-03-11T21:54:00","slug":"3-cocuk-1-genci-darbedip-bicakla-agir-yaraladi-1-tutuklama","status":"publish","type":"post","link":"https:\/\/www.abchukuk.com\/index.php\/2026\/03\/11\/3-cocuk-1-genci-darbedip-bicakla-agir-yaraladi-1-tutuklama\/","title":{"rendered":"3 \u00e7ocuk 1 genci darbedip b\u0131\u00e7akla a\u011f\u0131r yaralad\u0131: 1 tutuklama"},"content":{"rendered":"<p>Aksaray\u2019da 3 \u00e7ocuk tart\u0131\u015f\u0131p kavga ettikleri 1 genci darbedip sonra da b\u0131\u00e7aklayarak a\u011f\u0131r yaralad\u0131. Yaral\u0131 \u015fah\u0131s hastaneye kald\u0131r\u0131l\u0131rken, jandarma ekiplerince yakalanan 3 \u00e7ocuktan 1\u2019i tutuklanarak cezaevine g\u00f6nderildi.Aksaray\u2019da 3 \u00e7ocuk tart\u0131\u015f\u0131p kavga ettikleri 1 genci darbedip sonra da b\u0131\u00e7aklayarak a\u011f\u0131r yaralad\u0131. Yaral\u0131 \u015fah\u0131s hastaneye kald\u0131r\u0131l\u0131rken, jandarma ekiplerince yakalanan 3 \u00e7ocuktan 1\u2019i tutuklanarak cezaevine g\u00f6nderildi.\u00a0<a href=\"https:\/\/www.cumhuriyet.com.tr\/turkiye\/3-cocuk-1-genci-darbedip-bicakla-agir-yaraladi-1-tutuklama-2486057\" target=\"_blank\" class=\"feedzy-rss-link-icon\">Read More<\/a><\/p>","protected":false},"excerpt":{"rendered":"<p>Aksaray\u2019da 3 \u00e7ocuk tart\u0131\u015f\u0131p kavga ettikleri 1 genci darbedip sonra da b\u0131\u00e7aklayarak a\u011f\u0131r yaralad\u0131. Yaral\u0131 \u015fah\u0131s hastaneye kald\u0131r\u0131l\u0131rken, jandarma ekiplerince yakalanan 3 \u00e7ocuktan 1\u2019i tutuklanarak cezaevine g\u00f6nderildi.Aksaray\u2019da 3 \u00e7ocuk tart\u0131\u015f\u0131p kavga ettikleri 1 genci darbedip sonra da b\u0131\u00e7aklayarak a\u011f\u0131r yaralad\u0131. Yaral\u0131 \u015fah\u0131s hastaneye kald\u0131r\u0131l\u0131rken, jandarma ekiplerince yakalanan 3 \u00e7ocuktan 1\u2019i tutuklanarak cezaevine g\u00f6nderildi.\u00a0Read More<\/p>\n","protected":false},"author":1,"featured_media":22900,"comment_status":"open","ping_status":"open","sticky":false,"template":"","format":"standard","meta":{"footnotes":"","_links_to":"","_links_to_target":""},"categories":[1],"tags":[],"class_list":["post-22899","post","type-post","status-publish","format-standard","has-post-thumbnail","hentry","category-haberler"],"_links":{"self":[{"href":"https:\/\/www.abchukuk.com\/index.php\/wp-json\/wp\/v2\/posts\/22899","targetHints":{"allow":["GET"]}}],"collection":[{"href":"https:\/\/www.abchukuk.com\/index.php\/wp-json\/wp\/v2\/posts"}],"about":[{"href":"https:\/\/www.abchukuk.com\/index.php\/wp-json\/wp\/v2\/types\/post"}],"author":[{"embeddable":true,"href":"https:\/\/www.abchukuk.com\/index.php\/wp-json\/wp\/v2\/users\/1"}],"replies":[{"embeddable":true,"href":"https:\/\/www.abchukuk.com\/index.php\/wp-json\/wp\/v2\/comments?post=22899"}],"version-history":[{"count":0,"href":"https:\/\/www.abchukuk.com\/index.php\/wp-json\/wp\/v2\/posts\/22899\/revisions"}],"wp:featuredmedia":[{"embeddable":true,"href":"https:\/\/www.abchukuk.com\/index.php\/wp-json\/wp\/v2\/media\/22900"}],"wp:attachment":[{"href":"https:\/\/www.abchukuk.com\/index.php\/wp-json\/wp\/v2\/media?parent=22899"}],"wp:term":[{"taxonomy":"category","embeddable":true,"href":"https:\/\/www.abchukuk.com\/index.php\/wp-json\/wp\/v2\/categories?post=22899"},{"taxonomy":"post_tag","embeddable":true,"href":"https:\/\/www.abchukuk.com\/index.php\/wp-json\/wp\/v2\/tags?post=22899"}],"curies":[{"name":"wp","href":"https:\/\/api.w.org\/{rel}","templated":true}]}}