{"id":22897,"date":"2026-03-11T17:25:16","date_gmt":"2026-03-11T17:25:16","guid":{"rendered":"https:\/\/www.abchukuk.com\/index.php\/2026\/03\/11\/istanbul-cumhuriyet-bassavciligi-caoiletisim-adli-hesap-hakkinda-sorusturma-baslatti\/"},"modified":"2026-03-11T17:25:16","modified_gmt":"2026-03-11T17:25:16","slug":"istanbul-cumhuriyet-bassavciligi-caoiletisim-adli-hesap-hakkinda-sorusturma-baslatti","status":"publish","type":"post","link":"https:\/\/www.abchukuk.com\/index.php\/2026\/03\/11\/istanbul-cumhuriyet-bassavciligi-caoiletisim-adli-hesap-hakkinda-sorusturma-baslatti\/","title":{"rendered":"\u0130stanbul Cumhuriyet Ba\u015fsavc\u0131l\u0131\u011f\u0131 CAOIletisim\u201d adl\u0131 hesap hakk\u0131nda soru\u015fturma ba\u015flatt\u0131"},"content":{"rendered":"<p class=\"p1\">\u0130stanbul Cumhuriyet Ba\u015fsavc\u0131l\u0131\u011f\u0131, sosyal medya \u00fczerinden yap\u0131lan bir payla\u015f\u0131m nedeniyle yeni bir soru\u015fturma ba\u015flatt\u0131. Ba\u015fsavc\u0131l\u0131k kaynaklar\u0131ndan edinilen bilgilere g\u00f6re, X platformunda \u201cCAOIletisim\u201d kullan\u0131c\u0131 ad\u0131yla faaliyet g\u00f6steren cumhurba\u015fkanl\u0131\u011f\u0131 aday ofisi adl\u0131 \u00a0hesaptan yap\u0131lan payla\u015f\u0131mda Cumhurba\u015fkan\u0131\u2019na y\u00f6nelik ifadeler ve kamuoyunu yan\u0131lt\u0131c\u0131 nitelikte oldu\u011fu de\u011ferlendirilen iddialar yer ald\u0131. Bunun \u00fczerine savc\u0131l\u0131k resen harekete ge\u00e7ti.<\/p>\n<p class=\"p1\"><span class=\"s1\">CUMHURBA\u015eKANINA HAKARET VE HALKI YANILTICI BILGIYI ALENEN YAYMA SU\u00c7UNDAN SORU\u015eTURMA<\/span><\/p>\n<p class=\"p1\"><span class=\"s2\">Ba\u015fsavc\u0131l\u0131k, s\u00f6z konusu payla\u015f\u0131m\u0131n i\u00e7eri\u011fi nedeniyle \u201cCumhurba\u015fkan\u0131na hakaret\u201d ile 217\/A maddesinde yer alan \u201chalk\u0131 yan\u0131lt\u0131c\u0131 bilgiyi alenen yayma\u201d su\u00e7lar\u0131 kapsam\u0131nda soru\u015fturma ba\u015flat\u0131ld\u0131\u011f\u0131n\u0131 a\u00e7\u0131klad\u0131.<\/span><\/p>\n<p class=\"p1\"><span class=\"s1\">PAYLA\u015eIMDA D\u0130KKAT \u00c7EKEN \u0130FADELER<\/span><\/p>\n<p class=\"p1\"><span class=\"s2\">Soru\u015fturmaya konu olan payla\u015f\u0131mda, devlet y\u00f6netimine ve Cumhurba\u015fkan\u0131\u2019na y\u00f6nelik a\u011f\u0131r ithamlar\u0131n yer ald\u0131\u011f\u0131 g\u00f6r\u00fcld\u00fc. Payla\u015f\u0131mda \u201cBu senaryoyu yazan ve talimat veren Cumhurba\u015fkan\u0131d\u0131r\u201d ve \u201cTalimat\u0131 al\u0131p yerine getiren siyaset\u00e7i g\u00f6r\u00fcn\u00fcml\u00fc eski ba\u015fsavc\u0131d\u0131r\u201d \u015feklindeki ifadelerin kullan\u0131ld\u0131\u011f\u0131, ayr\u0131ca \u00e7e\u015fitli iddialar ve ele\u015ftiriler y\u00f6neltildi\u011fi tespit edildi.<\/span><\/p>\n<p>\u0130stanbul Cumhuriyet Ba\u015fsavc\u0131l\u0131\u011f\u0131, sosyal medya platformu X\u2019te faaliyet g\u00f6steren \u201cCAOIletisim\u201d adl\u0131 hesap hakk\u0131nda Cumhurba\u015fkan\u0131na hakaret ve halk\u0131 yan\u0131lt\u0131c\u0131 bilgiyi alenen yayma su\u00e7lamalar\u0131 kapsam\u0131nda resen soru\u015fturma ba\u015flatt\u0131. Ba\u015fsavc\u0131l\u0131k, s\u00f6z konusu payla\u015f\u0131mda devlet kurumlar\u0131 ve Cumhurba\u015fkan\u0131\u2019na y\u00f6nelik ifadelerin yer ald\u0131\u011f\u0131n\u0131 belirterek T\u00fcrk Ceza Kanunu\u2019nun ilgili maddeleri kapsam\u0131nda inceleme ba\u015flat\u0131ld\u0131\u011f\u0131n\u0131 duyurdu.\u00a0<a href=\"https:\/\/www.son.tv\/istanbul-cumhuriyet-bassavciligi-caoiletisim-adli-hesap-hakkinda-sorusturma-baslatti\/\" target=\"_blank\" class=\"feedzy-rss-link-icon\">Read More<\/a><\/p>","protected":false},"excerpt":{"rendered":"<p>\u0130stanbul Cumhuriyet Ba\u015fsavc\u0131l\u0131\u011f\u0131, sosyal medya \u00fczerinden yap\u0131lan bir payla\u015f\u0131m nedeniyle yeni bir soru\u015fturma ba\u015flatt\u0131. Ba\u015fsavc\u0131l\u0131k kaynaklar\u0131ndan edinilen bilgilere g\u00f6re, X platformunda \u201cCAOIletisim\u201d kullan\u0131c\u0131 ad\u0131yla faaliyet g\u00f6steren cumhurba\u015fkanl\u0131\u011f\u0131 aday ofisi adl\u0131 \u00a0hesaptan yap\u0131lan payla\u015f\u0131mda Cumhurba\u015fkan\u0131\u2019na y\u00f6nelik ifadeler ve kamuoyunu yan\u0131lt\u0131c\u0131 nitelikte oldu\u011fu de\u011ferlendirilen iddialar yer ald\u0131. Bunun \u00fczerine savc\u0131l\u0131k resen harekete ge\u00e7ti. CUMHURBA\u015eKANINA HAKARET VE HALKI [&hellip;]<\/p>\n","protected":false},"author":1,"featured_media":0,"comment_status":"open","ping_status":"open","sticky":false,"template":"","format":"standard","meta":{"footnotes":"","_links_to":"","_links_to_target":""},"categories":[1],"tags":[],"class_list":["post-22897","post","type-post","status-publish","format-standard","hentry","category-haberler"],"_links":{"self":[{"href":"https:\/\/www.abchukuk.com\/index.php\/wp-json\/wp\/v2\/posts\/22897","targetHints":{"allow":["GET"]}}],"collection":[{"href":"https:\/\/www.abchukuk.com\/index.php\/wp-json\/wp\/v2\/posts"}],"about":[{"href":"https:\/\/www.abchukuk.com\/index.php\/wp-json\/wp\/v2\/types\/post"}],"author":[{"embeddable":true,"href":"https:\/\/www.abchukuk.com\/index.php\/wp-json\/wp\/v2\/users\/1"}],"replies":[{"embeddable":true,"href":"https:\/\/www.abchukuk.com\/index.php\/wp-json\/wp\/v2\/comments?post=22897"}],"version-history":[{"count":0,"href":"https:\/\/www.abchukuk.com\/index.php\/wp-json\/wp\/v2\/posts\/22897\/revisions"}],"wp:attachment":[{"href":"https:\/\/www.abchukuk.com\/index.php\/wp-json\/wp\/v2\/media?parent=22897"}],"wp:term":[{"taxonomy":"category","embeddable":true,"href":"https:\/\/www.abchukuk.com\/index.php\/wp-json\/wp\/v2\/categories?post=22897"},{"taxonomy":"post_tag","embeddable":true,"href":"https:\/\/www.abchukuk.com\/index.php\/wp-json\/wp\/v2\/tags?post=22897"}],"curies":[{"name":"wp","href":"https:\/\/api.w.org\/{rel}","templated":true}]}}