{"id":22895,"date":"2026-03-11T17:49:58","date_gmt":"2026-03-11T17:49:58","guid":{"rendered":"https:\/\/www.abchukuk.com\/index.php\/2026\/03\/11\/yargitay-11-hukukta-kiyasiya-yaris\/"},"modified":"2026-03-11T17:49:58","modified_gmt":"2026-03-11T17:49:58","slug":"yargitay-11-hukukta-kiyasiya-yaris","status":"publish","type":"post","link":"https:\/\/www.abchukuk.com\/index.php\/2026\/03\/11\/yargitay-11-hukukta-kiyasiya-yaris\/","title":{"rendered":"Yarg\u0131tay 11. Hukuk\u2019ta k\u0131yas\u0131ya yar\u0131\u015f"},"content":{"rendered":"<p>Yarg\u0131tay 11. Hukuk Dairesi Ba\u015fkanl\u0131k se\u00e7imleri ilk etapta alt\u0131 adayla ba\u015flam\u0131\u015ft\u0131. Adaylardan be\u015fi ayn\u0131 dairede g\u00f6rev yapan \u00fcyelerden olu\u015furken, yaln\u0131zca Adem Aslan ba\u015fka bir daireden aday olmu\u015ftu. Uzun s\u00fcren oylamalar sonucunda se\u00e7imlere Adem Aslan, Orhan Sekmen ve Mehmet Tun\u00e7 olmak \u00fczere \u00fc\u00e7 aday aras\u0131nda devam edildi. Son a\u015famada ise en \u00e7ok oyu alan Sekmen ve Tun\u00e7 aras\u0131nda rekabet devam ediyor.<\/p>\n<p><a href=\"https:\/\/www.son.tv\/wp-content\/uploads\/2026\/03\/IMG_5833.png\"><img fetchpriority=\"high\" decoding=\"async\" class=\"alignnone size-full wp-image-169186\" src=\"https:\/\/www.son.tv\/wp-content\/uploads\/2026\/03\/IMG_5833.png\" alt=\"\" width=\"868\" height=\"660\" \/><\/a><\/p>\n<p>170 OY BARAJINA HEN\u00dcZ ULA\u015eILAMADI<\/p>\n<p>17 \u015eubat 2026\u2019da ba\u015flayan ba\u015fkanl\u0131k se\u00e7imlerinde 19. tur tamamland\u0131. Ba\u015fkan se\u00e7ilebilmek i\u00e7in gereken 170 oy baraj\u0131 bulunurken, bug\u00fcn yap\u0131lan 19. tur oylamas\u0131nda Orhan Sekmen 158 oy ald\u0131. Di\u011fer aday Mehmet Tun\u00e7 ise ayn\u0131 turda 123 oy ald\u0131. Se\u00e7imlerde gerekli oy say\u0131s\u0131na hen\u00fcz ula\u015f\u0131lamazken, iki aday aras\u0131ndaki rekabet gittik\u00e7e sertle\u015fiyor. Yar\u0131n ger\u00e7ekle\u015ftirilecek oylamada 170 oy baraj\u0131n\u0131n a\u015f\u0131lmas\u0131 halinde yeni daire ba\u015fkan\u0131 belirlenecek. Aksi halde se\u00e7imlerin yeni turlarla devam etmesi bekleniyor.<\/p>\n<p><a href=\"https:\/\/www.son.tv\/wp-content\/uploads\/2026\/03\/IMG_5834.png\"><img decoding=\"async\" class=\"alignnone size-full wp-image-169187\" src=\"https:\/\/www.son.tv\/wp-content\/uploads\/2026\/03\/IMG_5834.png\" alt=\"\" width=\"886\" height=\"460\" \/><\/a><\/p>\n<p>MEVCUT BA\u015eKANIN S\u00dcRES\u0130 DOLUYOR<\/p>\n<p>Dairede ba\u015fkanl\u0131k se\u00e7imi, g\u00f6rev s\u00fcresi yak\u0131nda dolacak olan mevcut ba\u015fkan Abdullah Yaman\u2019\u0131n ard\u0131ndan kimin g\u00f6revi devralaca\u011f\u0131 sorusunu g\u00fcndeme ta\u015f\u0131d\u0131. Yar\u0131n yap\u0131lacak se\u00e7im turunda 170 oy baraj\u0131n\u0131n a\u015f\u0131lmas\u0131 halinde Orhan Sekmen\u2019in yeni daire ba\u015fkan\u0131 olarak se\u00e7ilmesi bekleniyor. Y\u00fcksek yarg\u0131 kulisleri, se\u00e7im sonucunun kurum i\u00e7i dengeler a\u00e7\u0131s\u0131ndan da \u00f6nemli bir mesaj verece\u011fini de\u011ferlendiriyor. Ticaret hukuku, sigorta hukuku ve bankac\u0131l\u0131k hukukuna ili\u015fkin dosyalar\u0131n temyiz incelemesini yapan 11. Hukuk Dairesi, y\u00fcksek mahkemenin en etkili dairelerinden biri olarak g\u00f6r\u00fcl\u00fcyor. Bu nedenle daire ba\u015fkanl\u0131\u011f\u0131 i\u00e7in yap\u0131lan se\u00e7imler de yarg\u0131 \u00e7evrelerinde yak\u0131ndan takip ediliyor.<\/p>\n<p>Y\u00fcksek yarg\u0131n\u0131n en \u00f6nemli dairelerinden biri olarak g\u00f6r\u00fclen Yarg\u0131tay 11. Hukuk Dairesinde ba\u015fkanl\u0131k se\u00e7iminde sona yakla\u015f\u0131ld\u0131. Se\u00e7imlerde 19. tur geride kal\u0131rken, adaylar Orhan Sekmen ve Mehmet Tun\u00e7 aras\u0131ndaki rekabet sertle\u015fiyor. Yap\u0131lan son oylamada 170 oy baraj\u0131na hen\u00fcz ula\u015f\u0131lamad\u0131\u011f\u0131 i\u00e7in g\u00f6zler yar\u0131nki tura \u00e7evrildi. Yar\u0131n yap\u0131lacak turda gerekli baraja ula\u015f\u0131lmas\u0131 halinde iki aday aras\u0131ndan yeni ba\u015fkan\u0131n belirlenmesi bekleniyor.\u00a0<a href=\"https:\/\/www.son.tv\/yargitay-11-hukukta-kiyasiya-yaris\/\" target=\"_blank\" class=\"feedzy-rss-link-icon\">Read More<\/a><\/p>","protected":false},"excerpt":{"rendered":"<p>Yarg\u0131tay 11. Hukuk Dairesi Ba\u015fkanl\u0131k se\u00e7imleri ilk etapta alt\u0131 adayla ba\u015flam\u0131\u015ft\u0131. Adaylardan be\u015fi ayn\u0131 dairede g\u00f6rev yapan \u00fcyelerden olu\u015furken, yaln\u0131zca Adem Aslan ba\u015fka bir daireden aday olmu\u015ftu. Uzun s\u00fcren oylamalar sonucunda se\u00e7imlere Adem Aslan, Orhan Sekmen ve Mehmet Tun\u00e7 olmak \u00fczere \u00fc\u00e7 aday aras\u0131nda devam edildi. Son a\u015famada ise en \u00e7ok oyu alan Sekmen ve [&hellip;]<\/p>\n","protected":false},"author":1,"featured_media":22896,"comment_status":"open","ping_status":"open","sticky":false,"template":"","format":"standard","meta":{"footnotes":"","_links_to":"","_links_to_target":""},"categories":[1],"tags":[],"class_list":["post-22895","post","type-post","status-publish","format-standard","has-post-thumbnail","hentry","category-haberler"],"_links":{"self":[{"href":"https:\/\/www.abchukuk.com\/index.php\/wp-json\/wp\/v2\/posts\/22895","targetHints":{"allow":["GET"]}}],"collection":[{"href":"https:\/\/www.abchukuk.com\/index.php\/wp-json\/wp\/v2\/posts"}],"about":[{"href":"https:\/\/www.abchukuk.com\/index.php\/wp-json\/wp\/v2\/types\/post"}],"author":[{"embeddable":true,"href":"https:\/\/www.abchukuk.com\/index.php\/wp-json\/wp\/v2\/users\/1"}],"replies":[{"embeddable":true,"href":"https:\/\/www.abchukuk.com\/index.php\/wp-json\/wp\/v2\/comments?post=22895"}],"version-history":[{"count":0,"href":"https:\/\/www.abchukuk.com\/index.php\/wp-json\/wp\/v2\/posts\/22895\/revisions"}],"wp:featuredmedia":[{"embeddable":true,"href":"https:\/\/www.abchukuk.com\/index.php\/wp-json\/wp\/v2\/media\/22896"}],"wp:attachment":[{"href":"https:\/\/www.abchukuk.com\/index.php\/wp-json\/wp\/v2\/media?parent=22895"}],"wp:term":[{"taxonomy":"category","embeddable":true,"href":"https:\/\/www.abchukuk.com\/index.php\/wp-json\/wp\/v2\/categories?post=22895"},{"taxonomy":"post_tag","embeddable":true,"href":"https:\/\/www.abchukuk.com\/index.php\/wp-json\/wp\/v2\/tags?post=22895"}],"curies":[{"name":"wp","href":"https:\/\/api.w.org\/{rel}","templated":true}]}}