{"id":22893,"date":"2026-03-11T14:59:00","date_gmt":"2026-03-11T14:59:00","guid":{"rendered":"https:\/\/www.abchukuk.com\/index.php\/2026\/03\/11\/suca-suruklenen-cocuklara-yonelik-arastirma-komisyonunda-tartisma-cikti-ankara-barosundan-guvenli-ortam-vurgusu\/"},"modified":"2026-03-11T14:59:00","modified_gmt":"2026-03-11T14:59:00","slug":"suca-suruklenen-cocuklara-yonelik-arastirma-komisyonunda-tartisma-cikti-ankara-barosundan-guvenli-ortam-vurgusu","status":"publish","type":"post","link":"https:\/\/www.abchukuk.com\/index.php\/2026\/03\/11\/suca-suruklenen-cocuklara-yonelik-arastirma-komisyonunda-tartisma-cikti-ankara-barosundan-guvenli-ortam-vurgusu\/","title":{"rendered":"Su\u00e7a S\u00fcr\u00fcklenen \u00c7ocuklara Y\u00f6nelik Ara\u015ft\u0131rma Komisyonu\u2019nda tart\u0131\u015fma \u00e7\u0131kt\u0131: Ankara Barosu\u2019ndan g\u00fcvenli ortam vurgusu"},"content":{"rendered":"<p>TBMM Su\u00e7a S\u00fcr\u00fcklenen \u00c7ocuklara Y\u00f6nelik Ara\u015ft\u0131rma Komisyonu\u2019nda Komisyon Ba\u015fkan\u0131 ile Ankara Barosu temsilcisi aras\u0131nda \u00e7ocuklar\u0131n ifadelerinin mahkeme salonunda al\u0131nmas\u0131 konusunda tart\u0131\u015fma \u00e7\u0131kt\u0131. Komisyon ba\u015fkan\u0131; \u00e7ocuklar\u0131n yapt\u0131klar\u0131n\u0131n a\u011f\u0131r oldu\u011funu anlamas\u0131 konusunda savunmas\u0131n\u0131n h\u00e2kim kar\u015f\u0131s\u0131nda al\u0131nmas\u0131 gerekti\u011fini savundu. Baro temsilcisi ise \u00e7ocuk yarg\u0131lanmalar\u0131nda \u00f6nceli\u011fin g\u00fcvende olaca\u011f\u0131 bir sistemde maddi ger\u00e7ekli\u011fin a\u00e7\u0131\u011fa \u00e7\u0131kmas\u0131nda \u00f6nemli olaca\u011f\u0131n\u0131 vurgulayarak, bu nedenle adli g\u00f6r\u00fc\u015fme odalar\u0131nda ifade al\u0131nmas\u0131 gerekti\u011fini belirtti.TBMM Su\u00e7a S\u00fcr\u00fcklenen \u00c7ocuklara Y\u00f6nelik Ara\u015ft\u0131rma Komisyonu\u2019nda Komisyon Ba\u015fkan\u0131 ile Ankara Barosu temsilcisi aras\u0131nda \u00e7ocuklar\u0131n ifadelerinin mahkeme salonunda al\u0131nmas\u0131 konusunda tart\u0131\u015fma \u00e7\u0131kt\u0131. Komisyon ba\u015fkan\u0131; \u00e7ocuklar\u0131n yapt\u0131klar\u0131n\u0131n a\u011f\u0131r oldu\u011funu anlamas\u0131 konusunda savunmas\u0131n\u0131n h\u00e2kim kar\u015f\u0131s\u0131nda al\u0131nmas\u0131 gerekti\u011fini savundu. Baro temsilcisi ise \u00e7ocuk yarg\u0131lanmalar\u0131nda \u00f6nceli\u011fin g\u00fcvende olaca\u011f\u0131 bir sistemde maddi ger\u00e7ekli\u011fin a\u00e7\u0131\u011fa \u00e7\u0131kmas\u0131nda \u00f6nemli olaca\u011f\u0131n\u0131 vurgulayarak, bu nedenle adli g\u00f6r\u00fc\u015fme odalar\u0131nda ifade al\u0131nmas\u0131 gerekti\u011fini belirtti.\u00a0<a href=\"https:\/\/www.cumhuriyet.com.tr\/turkiye\/suca-suruklenen-cocuklara-yonelik-arastirma-komisyonu-nda-tartisma-cikti-ankara-barosu-ndan-guvenli-ortam-vurgusu-2485968\" target=\"_blank\" class=\"feedzy-rss-link-icon\">Read More<\/a><\/p>","protected":false},"excerpt":{"rendered":"<p>TBMM Su\u00e7a S\u00fcr\u00fcklenen \u00c7ocuklara Y\u00f6nelik Ara\u015ft\u0131rma Komisyonu\u2019nda Komisyon Ba\u015fkan\u0131 ile Ankara Barosu temsilcisi aras\u0131nda \u00e7ocuklar\u0131n ifadelerinin mahkeme salonunda al\u0131nmas\u0131 konusunda tart\u0131\u015fma \u00e7\u0131kt\u0131. Komisyon ba\u015fkan\u0131; \u00e7ocuklar\u0131n yapt\u0131klar\u0131n\u0131n a\u011f\u0131r oldu\u011funu anlamas\u0131 konusunda savunmas\u0131n\u0131n h\u00e2kim kar\u015f\u0131s\u0131nda al\u0131nmas\u0131 gerekti\u011fini savundu. Baro temsilcisi ise \u00e7ocuk yarg\u0131lanmalar\u0131nda \u00f6nceli\u011fin g\u00fcvende olaca\u011f\u0131 bir sistemde maddi ger\u00e7ekli\u011fin a\u00e7\u0131\u011fa \u00e7\u0131kmas\u0131nda \u00f6nemli olaca\u011f\u0131n\u0131 vurgulayarak, bu nedenle [&hellip;]<\/p>\n","protected":false},"author":1,"featured_media":22894,"comment_status":"open","ping_status":"open","sticky":false,"template":"","format":"standard","meta":{"footnotes":"","_links_to":"","_links_to_target":""},"categories":[1],"tags":[],"class_list":["post-22893","post","type-post","status-publish","format-standard","has-post-thumbnail","hentry","category-haberler"],"_links":{"self":[{"href":"https:\/\/www.abchukuk.com\/index.php\/wp-json\/wp\/v2\/posts\/22893","targetHints":{"allow":["GET"]}}],"collection":[{"href":"https:\/\/www.abchukuk.com\/index.php\/wp-json\/wp\/v2\/posts"}],"about":[{"href":"https:\/\/www.abchukuk.com\/index.php\/wp-json\/wp\/v2\/types\/post"}],"author":[{"embeddable":true,"href":"https:\/\/www.abchukuk.com\/index.php\/wp-json\/wp\/v2\/users\/1"}],"replies":[{"embeddable":true,"href":"https:\/\/www.abchukuk.com\/index.php\/wp-json\/wp\/v2\/comments?post=22893"}],"version-history":[{"count":0,"href":"https:\/\/www.abchukuk.com\/index.php\/wp-json\/wp\/v2\/posts\/22893\/revisions"}],"wp:featuredmedia":[{"embeddable":true,"href":"https:\/\/www.abchukuk.com\/index.php\/wp-json\/wp\/v2\/media\/22894"}],"wp:attachment":[{"href":"https:\/\/www.abchukuk.com\/index.php\/wp-json\/wp\/v2\/media?parent=22893"}],"wp:term":[{"taxonomy":"category","embeddable":true,"href":"https:\/\/www.abchukuk.com\/index.php\/wp-json\/wp\/v2\/categories?post=22893"},{"taxonomy":"post_tag","embeddable":true,"href":"https:\/\/www.abchukuk.com\/index.php\/wp-json\/wp\/v2\/tags?post=22893"}],"curies":[{"name":"wp","href":"https:\/\/api.w.org\/{rel}","templated":true}]}}