{"id":22891,"date":"2026-03-11T15:26:00","date_gmt":"2026-03-11T15:26:00","guid":{"rendered":"https:\/\/www.abchukuk.com\/index.php\/2026\/03\/11\/kendisini-istismar-eden-erkegi-adliye-onunde-kalbinden-bicakladi\/"},"modified":"2026-03-11T15:26:00","modified_gmt":"2026-03-11T15:26:00","slug":"kendisini-istismar-eden-erkegi-adliye-onunde-kalbinden-bicakladi","status":"publish","type":"post","link":"https:\/\/www.abchukuk.com\/index.php\/2026\/03\/11\/kendisini-istismar-eden-erkegi-adliye-onunde-kalbinden-bicakladi\/","title":{"rendered":"Kendisini istismar eden erke\u011fi, adliye \u00f6n\u00fcnde kalbinden b\u0131\u00e7aklad\u0131"},"content":{"rendered":"<p>Kocaeli\u2019de mahkeme salonunda ya\u015fad\u0131klar\u0131n\u0131 anlatan kad\u0131n, duru\u015fma \u00e7\u0131k\u0131\u015f\u0131nda kendisine cinsel istismarda bulundu\u011funu iddia etti\u011fi \u015fahs\u0131 kalbinden b\u0131\u00e7aklayarak \u00f6ld\u00fcrd\u00fc. Olaydan sonra kad\u0131n, polis ekiplerince g\u00f6zalt\u0131na al\u0131nd\u0131.Kocaeli\u2019de mahkeme salonunda ya\u015fad\u0131klar\u0131n\u0131 anlatan kad\u0131n, duru\u015fma \u00e7\u0131k\u0131\u015f\u0131nda kendisine cinsel istismarda bulundu\u011funu iddia etti\u011fi \u015fahs\u0131 kalbinden b\u0131\u00e7aklayarak \u00f6ld\u00fcrd\u00fc. Olaydan sonra kad\u0131n, polis ekiplerince g\u00f6zalt\u0131na al\u0131nd\u0131.\u00a0<a href=\"https:\/\/www.cumhuriyet.com.tr\/turkiye\/kendisini-istismar-eden-erkegi-adliye-onunde-kalbinden-bicakladi-2485976\" target=\"_blank\" class=\"feedzy-rss-link-icon\">Read More<\/a><\/p>","protected":false},"excerpt":{"rendered":"<p>Kocaeli\u2019de mahkeme salonunda ya\u015fad\u0131klar\u0131n\u0131 anlatan kad\u0131n, duru\u015fma \u00e7\u0131k\u0131\u015f\u0131nda kendisine cinsel istismarda bulundu\u011funu iddia etti\u011fi \u015fahs\u0131 kalbinden b\u0131\u00e7aklayarak \u00f6ld\u00fcrd\u00fc. Olaydan sonra kad\u0131n, polis ekiplerince g\u00f6zalt\u0131na al\u0131nd\u0131.Kocaeli\u2019de mahkeme salonunda ya\u015fad\u0131klar\u0131n\u0131 anlatan kad\u0131n, duru\u015fma \u00e7\u0131k\u0131\u015f\u0131nda kendisine cinsel istismarda bulundu\u011funu iddia etti\u011fi \u015fahs\u0131 kalbinden b\u0131\u00e7aklayarak \u00f6ld\u00fcrd\u00fc. Olaydan sonra kad\u0131n, polis ekiplerince g\u00f6zalt\u0131na al\u0131nd\u0131.\u00a0Read More<\/p>\n","protected":false},"author":1,"featured_media":22892,"comment_status":"open","ping_status":"open","sticky":false,"template":"","format":"standard","meta":{"footnotes":"","_links_to":"","_links_to_target":""},"categories":[1],"tags":[],"class_list":["post-22891","post","type-post","status-publish","format-standard","has-post-thumbnail","hentry","category-haberler"],"_links":{"self":[{"href":"https:\/\/www.abchukuk.com\/index.php\/wp-json\/wp\/v2\/posts\/22891","targetHints":{"allow":["GET"]}}],"collection":[{"href":"https:\/\/www.abchukuk.com\/index.php\/wp-json\/wp\/v2\/posts"}],"about":[{"href":"https:\/\/www.abchukuk.com\/index.php\/wp-json\/wp\/v2\/types\/post"}],"author":[{"embeddable":true,"href":"https:\/\/www.abchukuk.com\/index.php\/wp-json\/wp\/v2\/users\/1"}],"replies":[{"embeddable":true,"href":"https:\/\/www.abchukuk.com\/index.php\/wp-json\/wp\/v2\/comments?post=22891"}],"version-history":[{"count":0,"href":"https:\/\/www.abchukuk.com\/index.php\/wp-json\/wp\/v2\/posts\/22891\/revisions"}],"wp:featuredmedia":[{"embeddable":true,"href":"https:\/\/www.abchukuk.com\/index.php\/wp-json\/wp\/v2\/media\/22892"}],"wp:attachment":[{"href":"https:\/\/www.abchukuk.com\/index.php\/wp-json\/wp\/v2\/media?parent=22891"}],"wp:term":[{"taxonomy":"category","embeddable":true,"href":"https:\/\/www.abchukuk.com\/index.php\/wp-json\/wp\/v2\/categories?post=22891"},{"taxonomy":"post_tag","embeddable":true,"href":"https:\/\/www.abchukuk.com\/index.php\/wp-json\/wp\/v2\/tags?post=22891"}],"curies":[{"name":"wp","href":"https:\/\/api.w.org\/{rel}","templated":true}]}}