{"id":22888,"date":"2026-03-11T16:17:54","date_gmt":"2026-03-11T16:17:54","guid":{"rendered":"https:\/\/www.abchukuk.com\/index.php\/2026\/03\/11\/prof-dr-salih-yilmaz-trump-ve-netenyahu-yargilanabilir\/"},"modified":"2026-03-11T16:17:54","modified_gmt":"2026-03-11T16:17:54","slug":"prof-dr-salih-yilmaz-trump-ve-netenyahu-yargilanabilir","status":"publish","type":"post","link":"https:\/\/www.abchukuk.com\/index.php\/2026\/03\/11\/prof-dr-salih-yilmaz-trump-ve-netenyahu-yargilanabilir\/","title":{"rendered":"Prof. Dr. Salih Y\u0131lmaz: Trump ve Netenyahu yarg\u0131lanabilir"},"content":{"rendered":"<p>Y\u0131ld\u0131r\u0131m Beyaz\u0131t \u00dcniversitesi \u00d6\u011fretim \u00dcyesi Prof. Dr. Salih Y\u0131lmaz, \u0130ran\u2019a s\u00fcren sald\u0131r\u0131lar\u0131 yorumlad\u0131. Trump\u2019\u0131n bu sald\u0131r\u0131lar sonras\u0131nda yarg\u0131lanabilece\u011fini s\u00f6yleyen Y\u0131lmaz, T\u00fcrkiye\u2019nin bu \u00e7at\u0131\u015fmaya girip giremeyece\u011fini de de\u011ferlendirdi.Y\u0131ld\u0131r\u0131m Beyaz\u0131t \u00dcniversitesi \u00d6\u011fretim \u00dcyesi Prof. Dr. Salih Y\u0131lmaz, \u0130ran\u2019a s\u00fcren sald\u0131r\u0131lar\u0131 yorumlad\u0131. Trump\u2019\u0131n bu sald\u0131r\u0131lar sonras\u0131nda yarg\u0131lanabilece\u011fini s\u00f6yleyen Y\u0131lmaz, T\u00fcrkiye\u2019nin bu \u00e7at\u0131\u015fmaya girip giremeyece\u011fini de de\u011ferlendirdi.\u00a0<a href=\"https:\/\/anlatilaninotesi.com.tr\/20260311\/prof-dr-salih-yilmaz-trump-ve-netenyahu-yargilanabilir-1104184134.html\" target=\"_blank\" class=\"feedzy-rss-link-icon\">Read More<\/a><\/p>","protected":false},"excerpt":{"rendered":"<p>Y\u0131ld\u0131r\u0131m Beyaz\u0131t \u00dcniversitesi \u00d6\u011fretim \u00dcyesi Prof. Dr. Salih Y\u0131lmaz, \u0130ran\u2019a s\u00fcren sald\u0131r\u0131lar\u0131 yorumlad\u0131. Trump\u2019\u0131n bu sald\u0131r\u0131lar sonras\u0131nda yarg\u0131lanabilece\u011fini s\u00f6yleyen Y\u0131lmaz, T\u00fcrkiye\u2019nin bu \u00e7at\u0131\u015fmaya girip giremeyece\u011fini de de\u011ferlendirdi.Y\u0131ld\u0131r\u0131m Beyaz\u0131t \u00dcniversitesi \u00d6\u011fretim \u00dcyesi Prof. Dr. Salih Y\u0131lmaz, \u0130ran\u2019a s\u00fcren sald\u0131r\u0131lar\u0131 yorumlad\u0131. Trump\u2019\u0131n bu sald\u0131r\u0131lar sonras\u0131nda yarg\u0131lanabilece\u011fini s\u00f6yleyen Y\u0131lmaz, T\u00fcrkiye\u2019nin bu \u00e7at\u0131\u015fmaya girip giremeyece\u011fini de de\u011ferlendirdi.\u00a0Read More<\/p>\n","protected":false},"author":1,"featured_media":0,"comment_status":"open","ping_status":"open","sticky":false,"template":"","format":"standard","meta":{"footnotes":"","_links_to":"","_links_to_target":""},"categories":[1],"tags":[],"class_list":["post-22888","post","type-post","status-publish","format-standard","hentry","category-haberler"],"_links":{"self":[{"href":"https:\/\/www.abchukuk.com\/index.php\/wp-json\/wp\/v2\/posts\/22888","targetHints":{"allow":["GET"]}}],"collection":[{"href":"https:\/\/www.abchukuk.com\/index.php\/wp-json\/wp\/v2\/posts"}],"about":[{"href":"https:\/\/www.abchukuk.com\/index.php\/wp-json\/wp\/v2\/types\/post"}],"author":[{"embeddable":true,"href":"https:\/\/www.abchukuk.com\/index.php\/wp-json\/wp\/v2\/users\/1"}],"replies":[{"embeddable":true,"href":"https:\/\/www.abchukuk.com\/index.php\/wp-json\/wp\/v2\/comments?post=22888"}],"version-history":[{"count":0,"href":"https:\/\/www.abchukuk.com\/index.php\/wp-json\/wp\/v2\/posts\/22888\/revisions"}],"wp:attachment":[{"href":"https:\/\/www.abchukuk.com\/index.php\/wp-json\/wp\/v2\/media?parent=22888"}],"wp:term":[{"taxonomy":"category","embeddable":true,"href":"https:\/\/www.abchukuk.com\/index.php\/wp-json\/wp\/v2\/categories?post=22888"},{"taxonomy":"post_tag","embeddable":true,"href":"https:\/\/www.abchukuk.com\/index.php\/wp-json\/wp\/v2\/tags?post=22888"}],"curies":[{"name":"wp","href":"https:\/\/api.w.org\/{rel}","templated":true}]}}