{"id":22882,"date":"2026-03-11T13:51:16","date_gmt":"2026-03-11T13:51:16","guid":{"rendered":"https:\/\/www.abchukuk.com\/index.php\/2026\/03\/11\/bassavcisi-donmez-ve-komisyon-baskani-kocademirden-bakan-yardimcisi-ceyhana-ziyaret\/"},"modified":"2026-03-11T13:51:16","modified_gmt":"2026-03-11T13:51:16","slug":"bassavcisi-donmez-ve-komisyon-baskani-kocademirden-bakan-yardimcisi-ceyhana-ziyaret","status":"publish","type":"post","link":"https:\/\/www.abchukuk.com\/index.php\/2026\/03\/11\/bassavcisi-donmez-ve-komisyon-baskani-kocademirden-bakan-yardimcisi-ceyhana-ziyaret\/","title":{"rendered":"Ba\u015fsavc\u0131s\u0131 D\u00f6nmez ve Komisyon Ba\u015fkan\u0131 Kocademir\u2018den Bakan Yard\u0131mc\u0131s\u0131 Ceyhan\u2019a ziyaret"},"content":{"rendered":"<p class=\"p1\">Adalet Bakanl\u0131\u011f\u0131\u2019ndaki yeni yap\u0131lanma kapsam\u0131nda Bakan Yard\u0131mc\u0131l\u0131\u011f\u0131 g\u00f6revine getirilen Burak Ceyhan, yarg\u0131 camias\u0131n\u0131n \u00fcst d\u00fczey temsilcilerini a\u011f\u0131rlamaya devam ediyor. Yarg\u0131 d\u00fcnyas\u0131n\u0131n iki \u00f6nemli ismi, Ceyhan\u2019a \u201chay\u0131rl\u0131 olsun\u201d ziyaretinde bulundu.<\/p>\n<p><a href=\"https:\/\/www.son.tv\/wp-content\/uploads\/2026\/03\/e90369c5-3f60-473a-a996-b798245e9af7.jpeg\"><img loading=\"lazy\" decoding=\"async\" loading=\"lazy\" class=\"alignnone size-large wp-image-169158\" src=\"https:\/\/www.son.tv\/wp-content\/uploads\/2026\/03\/e90369c5-3f60-473a-a996-b798245e9af7-1024x682.jpeg\" alt=\"\" width=\"1024\" height=\"682\" \/><\/a><\/p>\n<p class=\"p1\"><span class=\"s1\">\u200bMAKAMINDA Z\u0130YARET ETT\u0130LER<\/span><\/p>\n<p class=\"p1\"><span class=\"s1\">\u200b\u0130stanbul Cumhuriyet Ba\u015fsavc\u0131s\u0131 Fatih D\u00f6nmez ile \u0130stanbul Adalet Komisyonu Ba\u015fkan\u0131 Ahmet \u00d6nder Kocademir, Bakan Yard\u0131mc\u0131s\u0131 Burak Ceyhan\u2019\u0131 Ankara\u2019daki makam\u0131nda ziyaret etti. Olduk\u00e7a samimi bir atmosferde ger\u00e7ekle\u015fen ziyarette, g\u00fcncel hukuki meseleler ve yarg\u0131 reformu s\u00fcre\u00e7lerine ili\u015fkin fikir al\u0131\u015fveri\u015finde bulunuldu\u011fu \u00f6\u011frenildi.<\/span><\/p>\n<p><a href=\"https:\/\/www.son.tv\/wp-content\/uploads\/2026\/03\/fd3567a0-25bf-4768-923d-e2e6b1379291.jpeg\"><img loading=\"lazy\" decoding=\"async\" loading=\"lazy\" class=\"alignnone size-large wp-image-169160\" src=\"https:\/\/www.son.tv\/wp-content\/uploads\/2026\/03\/fd3567a0-25bf-4768-923d-e2e6b1379291-1024x682.jpeg\" alt=\"\" width=\"1024\" height=\"682\" \/><\/a><\/p>\n<p class=\"p1\"><span class=\"s1\">\u200bCEYHAN\u2019DAN TE\u015eEKK\u00dcR MESAJI <\/span><\/p>\n<p class=\"p1\"><span class=\"s1\">\u200bZiyaretten duydu\u011fu memnuniyeti dile getiren Adalet Bakan Yard\u0131mc\u0131s\u0131 Burak Ceyhan, sosyal medya hesab\u0131ndan yapt\u0131\u011f\u0131 payla\u015f\u0131mda \u015fu ifadelere yer verdi:<\/span><\/p>\n<p class=\"p1\"><span class=\"s1\">\u200b\u201d\u0130stanbul Cumhuriyet Ba\u015fsavc\u0131s\u0131 Say\u0131n Fatih D\u00f6nmez ve \u0130stanbul Adli Yarg\u0131 \u0130lk Derece Mahkemesi Adalet Komisyonu Ba\u015fkan\u0131 Say\u0131n Ahmet \u00d6nder Kocademir\u2019e hay\u0131rl\u0131 olsun dilekleri ve nazik ziyaretleri i\u00e7in \u00e7ok te\u015fekk\u00fcr ederim.\u201d<\/span><\/p>\n<p class=\"p1\"><span class=\"s1\">\u200bZiyaretin sonunda g\u00fcn\u00fcn an\u0131s\u0131na hat\u0131ra foto\u011fraf\u0131 \u00e7ekildi.<\/span><\/p>\n<p>\u200b\u0130stanbul Cumhuriyet Ba\u015fsavc\u0131s\u0131 Fatih D\u00f6nmez ve Adalet Komisyonu Ba\u015fkan\u0131 Ahmet \u00d6nder Kocademir, Adalet Bakan Yard\u0131mc\u0131l\u0131\u011f\u0131 g\u00f6revine atanan Burak Ceyhan\u2019\u0131 makam\u0131nda ziyaret ederek yeni g\u00f6revinde ba\u015far\u0131lar diledi.\u00a0<a href=\"https:\/\/www.son.tv\/bassavcisi-donmez-ve-komisyon-baskani-kocademirden-bakan-yardimcisi-ceyhana-ziyaret\/\" target=\"_blank\" class=\"feedzy-rss-link-icon\">Read More<\/a><\/p>","protected":false},"excerpt":{"rendered":"<p>Adalet Bakanl\u0131\u011f\u0131\u2019ndaki yeni yap\u0131lanma kapsam\u0131nda Bakan Yard\u0131mc\u0131l\u0131\u011f\u0131 g\u00f6revine getirilen Burak Ceyhan, yarg\u0131 camias\u0131n\u0131n \u00fcst d\u00fczey temsilcilerini a\u011f\u0131rlamaya devam ediyor. Yarg\u0131 d\u00fcnyas\u0131n\u0131n iki \u00f6nemli ismi, Ceyhan\u2019a \u201chay\u0131rl\u0131 olsun\u201d ziyaretinde bulundu. \u200bMAKAMINDA Z\u0130YARET ETT\u0130LER \u200b\u0130stanbul Cumhuriyet Ba\u015fsavc\u0131s\u0131 Fatih D\u00f6nmez ile \u0130stanbul Adalet Komisyonu Ba\u015fkan\u0131 Ahmet \u00d6nder Kocademir, Bakan Yard\u0131mc\u0131s\u0131 Burak Ceyhan\u2019\u0131 Ankara\u2019daki makam\u0131nda ziyaret etti. Olduk\u00e7a samimi [&hellip;]<\/p>\n","protected":false},"author":1,"featured_media":22883,"comment_status":"open","ping_status":"open","sticky":false,"template":"","format":"standard","meta":{"footnotes":"","_links_to":"","_links_to_target":""},"categories":[1],"tags":[],"class_list":["post-22882","post","type-post","status-publish","format-standard","has-post-thumbnail","hentry","category-haberler"],"_links":{"self":[{"href":"https:\/\/www.abchukuk.com\/index.php\/wp-json\/wp\/v2\/posts\/22882","targetHints":{"allow":["GET"]}}],"collection":[{"href":"https:\/\/www.abchukuk.com\/index.php\/wp-json\/wp\/v2\/posts"}],"about":[{"href":"https:\/\/www.abchukuk.com\/index.php\/wp-json\/wp\/v2\/types\/post"}],"author":[{"embeddable":true,"href":"https:\/\/www.abchukuk.com\/index.php\/wp-json\/wp\/v2\/users\/1"}],"replies":[{"embeddable":true,"href":"https:\/\/www.abchukuk.com\/index.php\/wp-json\/wp\/v2\/comments?post=22882"}],"version-history":[{"count":0,"href":"https:\/\/www.abchukuk.com\/index.php\/wp-json\/wp\/v2\/posts\/22882\/revisions"}],"wp:featuredmedia":[{"embeddable":true,"href":"https:\/\/www.abchukuk.com\/index.php\/wp-json\/wp\/v2\/media\/22883"}],"wp:attachment":[{"href":"https:\/\/www.abchukuk.com\/index.php\/wp-json\/wp\/v2\/media?parent=22882"}],"wp:term":[{"taxonomy":"category","embeddable":true,"href":"https:\/\/www.abchukuk.com\/index.php\/wp-json\/wp\/v2\/categories?post=22882"},{"taxonomy":"post_tag","embeddable":true,"href":"https:\/\/www.abchukuk.com\/index.php\/wp-json\/wp\/v2\/tags?post=22882"}],"curies":[{"name":"wp","href":"https:\/\/api.w.org\/{rel}","templated":true}]}}