{"id":22876,"date":"2026-03-11T14:27:19","date_gmt":"2026-03-11T14:27:19","guid":{"rendered":"https:\/\/www.abchukuk.com\/index.php\/2026\/03\/11\/bassavci-donmez-ve-komisyon-baskani-kocademirden-bakan-yardimcisi-can-tuncaya-ziyaret\/"},"modified":"2026-03-11T14:27:19","modified_gmt":"2026-03-11T14:27:19","slug":"bassavci-donmez-ve-komisyon-baskani-kocademirden-bakan-yardimcisi-can-tuncaya-ziyaret","status":"publish","type":"post","link":"https:\/\/www.abchukuk.com\/index.php\/2026\/03\/11\/bassavci-donmez-ve-komisyon-baskani-kocademirden-bakan-yardimcisi-can-tuncaya-ziyaret\/","title":{"rendered":"Ba\u015fsavc\u0131 D\u00f6nmez ve Komisyon Ba\u015fkan\u0131 Kocademir\u2019den Bakan Yard\u0131mc\u0131s\u0131 Can Tuncay\u2019a ziyaret"},"content":{"rendered":"<p class=\"p1\">Adalet Bakan Yard\u0131mc\u0131l\u0131\u011f\u0131 g\u00f6revine getirilen Can Tuncay, Ankara\u2019daki makam\u0131nda \u0130stanbul\u2019un \u00fcst d\u00fczey yarg\u0131 temsilcilerini a\u011f\u0131rlad\u0131. \u0130stanbul Cumhuriyet Ba\u015fsavc\u0131s\u0131 Fatih D\u00f6nmez ve \u0130stanbul Adalet Komisyonu Ba\u015fkan\u0131 Ahmet \u00d6nder Kocademir\u2019in kat\u0131ld\u0131\u011f\u0131 ziyaret s\u0131ras\u0131nda Tuncay\u2019a yeni g\u00f6revinde ba\u015far\u0131lar dilendi.<\/p>\n<p><a href=\"https:\/\/www.son.tv\/wp-content\/uploads\/2026\/03\/2cfff8ec-4a51-4556-88f4-e1b7c50b2e2b.jpeg\"><img fetchpriority=\"high\" decoding=\"async\" class=\"alignnone size-large wp-image-169166\" src=\"https:\/\/www.son.tv\/wp-content\/uploads\/2026\/03\/2cfff8ec-4a51-4556-88f4-e1b7c50b2e2b-1024x683.jpeg\" alt=\"\" width=\"1024\" height=\"683\" \/><\/a><\/p>\n<p class=\"p1\"><span class=\"s2\">HATIRA FOTO\u011eRAFI \u0130LE SONA ERD\u0130 <\/span><\/p>\n<p class=\"p1\"><span class=\"s1\">G\u00fcncel hukuki konular ve yarg\u0131 s\u00fcre\u00e7lerine ili\u015fkin de\u011ferlendirmelerin yap\u0131ld\u0131\u011f\u0131<span class=\"Apple-converted-space\">\u00a0 <\/span>Ziyaret, g\u00fcn\u00fcn an\u0131s\u0131na \u00e7ekilen hat\u0131ra foto\u011fraf\u0131yla son buldu.<\/span><\/p>\n<p><a href=\"https:\/\/www.son.tv\/wp-content\/uploads\/2026\/03\/22ce4a32-ba41-4dc4-9d82-9a1f6513a606.jpeg\"><img loading=\"lazy\" decoding=\"async\" loading=\"lazy\" class=\"alignnone size-large wp-image-169167\" src=\"https:\/\/www.son.tv\/wp-content\/uploads\/2026\/03\/22ce4a32-ba41-4dc4-9d82-9a1f6513a606-1024x683.jpeg\" alt=\"\" width=\"1024\" height=\"683\" \/><\/a><\/p>\n<p>Ziyaretin ard\u0131ndan heyet, Adalet Bakan yard\u0131mc\u0131lar\u0131 Sedat Ayy\u0131ld\u0131z ve Abdullah Aydo\u011fdu\u2019ya da hay\u0131rl\u0131 olsun ziyaretinde bulundu.<br \/>\n<a href=\"https:\/\/www.son.tv\/wp-content\/uploads\/2026\/03\/IMG_5825.jpeg\"><img loading=\"lazy\" decoding=\"async\" loading=\"lazy\" class=\"alignnone size-large wp-image-169170\" src=\"https:\/\/www.son.tv\/wp-content\/uploads\/2026\/03\/IMG_5825-768x1024.jpeg\" alt=\"\" width=\"768\" height=\"1024\" \/><\/a><\/p>\n<p>\u0130stanbul Cumhuriyet Ba\u015fsavc\u0131s\u0131 Fatih D\u00f6nmez ve \u0130stanbul Adalet Komisyonu Ba\u015fkan\u0131 Ahmet \u00d6nder Kocademir, Adalet Bakan Yard\u0131mc\u0131l\u0131\u011f\u0131 g\u00f6revine atanan Can Tuncay\u2019\u0131 makam\u0131nda ziyaret etti. Ziyarette Tuncay\u2019a yeni g\u00f6revinde ba\u015far\u0131lar dilenirken, g\u00fcncel hukuki konular ve yarg\u0131 s\u00fcre\u00e7leri hakk\u0131nda g\u00f6r\u00fc\u015f al\u0131\u015fveri\u015finde bulunuldu.\u00a0<a href=\"https:\/\/www.son.tv\/bassavci-donmez-ve-komisyon-baskani-kocademirden-bakan-yardimcisi-can-tuncaya-ziyaret\/\" target=\"_blank\" class=\"feedzy-rss-link-icon\">Read More<\/a><\/p>","protected":false},"excerpt":{"rendered":"<p>Adalet Bakan Yard\u0131mc\u0131l\u0131\u011f\u0131 g\u00f6revine getirilen Can Tuncay, Ankara\u2019daki makam\u0131nda \u0130stanbul\u2019un \u00fcst d\u00fczey yarg\u0131 temsilcilerini a\u011f\u0131rlad\u0131. \u0130stanbul Cumhuriyet Ba\u015fsavc\u0131s\u0131 Fatih D\u00f6nmez ve \u0130stanbul Adalet Komisyonu Ba\u015fkan\u0131 Ahmet \u00d6nder Kocademir\u2019in kat\u0131ld\u0131\u011f\u0131 ziyaret s\u0131ras\u0131nda Tuncay\u2019a yeni g\u00f6revinde ba\u015far\u0131lar dilendi. HATIRA FOTO\u011eRAFI \u0130LE SONA ERD\u0130 G\u00fcncel hukuki konular ve yarg\u0131 s\u00fcre\u00e7lerine ili\u015fkin de\u011ferlendirmelerin yap\u0131ld\u0131\u011f\u0131\u00a0 Ziyaret, g\u00fcn\u00fcn an\u0131s\u0131na \u00e7ekilen hat\u0131ra [&hellip;]<\/p>\n","protected":false},"author":1,"featured_media":22877,"comment_status":"open","ping_status":"open","sticky":false,"template":"","format":"standard","meta":{"footnotes":"","_links_to":"","_links_to_target":""},"categories":[1],"tags":[],"class_list":["post-22876","post","type-post","status-publish","format-standard","has-post-thumbnail","hentry","category-haberler"],"_links":{"self":[{"href":"https:\/\/www.abchukuk.com\/index.php\/wp-json\/wp\/v2\/posts\/22876","targetHints":{"allow":["GET"]}}],"collection":[{"href":"https:\/\/www.abchukuk.com\/index.php\/wp-json\/wp\/v2\/posts"}],"about":[{"href":"https:\/\/www.abchukuk.com\/index.php\/wp-json\/wp\/v2\/types\/post"}],"author":[{"embeddable":true,"href":"https:\/\/www.abchukuk.com\/index.php\/wp-json\/wp\/v2\/users\/1"}],"replies":[{"embeddable":true,"href":"https:\/\/www.abchukuk.com\/index.php\/wp-json\/wp\/v2\/comments?post=22876"}],"version-history":[{"count":0,"href":"https:\/\/www.abchukuk.com\/index.php\/wp-json\/wp\/v2\/posts\/22876\/revisions"}],"wp:featuredmedia":[{"embeddable":true,"href":"https:\/\/www.abchukuk.com\/index.php\/wp-json\/wp\/v2\/media\/22877"}],"wp:attachment":[{"href":"https:\/\/www.abchukuk.com\/index.php\/wp-json\/wp\/v2\/media?parent=22876"}],"wp:term":[{"taxonomy":"category","embeddable":true,"href":"https:\/\/www.abchukuk.com\/index.php\/wp-json\/wp\/v2\/categories?post=22876"},{"taxonomy":"post_tag","embeddable":true,"href":"https:\/\/www.abchukuk.com\/index.php\/wp-json\/wp\/v2\/tags?post=22876"}],"curies":[{"name":"wp","href":"https:\/\/api.w.org\/{rel}","templated":true}]}}