{"id":22872,"date":"2026-03-11T14:46:09","date_gmt":"2026-03-11T14:46:09","guid":{"rendered":"https:\/\/www.abchukuk.com\/index.php\/2026\/03\/11\/hsk-1-daire-uyesi-ozdemir-gaziosmanpasa-adliyesini-ziyaret-etti\/"},"modified":"2026-03-11T14:46:09","modified_gmt":"2026-03-11T14:46:09","slug":"hsk-1-daire-uyesi-ozdemir-gaziosmanpasa-adliyesini-ziyaret-etti","status":"publish","type":"post","link":"https:\/\/www.abchukuk.com\/index.php\/2026\/03\/11\/hsk-1-daire-uyesi-ozdemir-gaziosmanpasa-adliyesini-ziyaret-etti\/","title":{"rendered":"HSK 1. Daire \u00dcyesi \u00d6zdemir Gaziosmanpa\u015fa Adliyesi\u2019ni ziyaret etti"},"content":{"rendered":"<p class=\"p1\">HSK 1. Daire \u00dcyesi Sait \u00d6zdemir, Gaziosmanpa\u015fa Adliyesi\u2019ni ziyaret etti. \u00d6zdemir\u2019i Gaziosmanpa\u015fa Cumhuriyet Ba\u015fsavc\u0131s\u0131 Hasan Dalak ve Adalet Komisyonu Ba\u015fkan\u0131 Ramazan Oru\u00e7 a\u011f\u0131rlad\u0131.<\/p>\n<p><a href=\"https:\/\/www.son.tv\/wp-content\/uploads\/2026\/03\/4b300004-a721-4a1d-994e-ab7d84f5d9e0-scaled.jpeg\"><img fetchpriority=\"high\" decoding=\"async\" class=\"alignnone size-large wp-image-169174\" src=\"https:\/\/www.son.tv\/wp-content\/uploads\/2026\/03\/4b300004-a721-4a1d-994e-ab7d84f5d9e0-1024x683.jpeg\" alt=\"\" width=\"1024\" height=\"683\" \/><\/a><\/p>\n<p class=\"p1\"><span class=\"s2\">Y\u00dcR\u00dcT\u00dcLEN \u00c7ALI\u015eMALAR HAKKINDA B\u0130LG\u0130 ALDI <\/span><\/p>\n<p class=\"p1\"><span class=\"s1\">Ziyaret kapsam\u0131nda \u00d6zdemir, Ba\u015fsavc\u0131 Hasan Dalak ve Adalet Komisyonu Ba\u015fkan\u0131 Ramazan Oru\u00e7 ile bir araya gelerek adliyenin i\u015fleyi\u015fi ve y\u00fcr\u00fct\u00fclen \u00e7al\u0131\u015fmalar hakk\u0131nda bilgi ald\u0131. G\u00f6r\u00fc\u015fmede yarg\u0131 hizmetlerinin etkinli\u011fi ve adliyedeki \u00e7al\u0131\u015fmalar \u00fczerine de\u011ferlendirmelerde bulunuldu.<\/span><\/p>\n<p><a href=\"https:\/\/www.son.tv\/wp-content\/uploads\/2026\/03\/625fb41a-d2e6-48b1-8c10-629b77acf1cf-scaled.jpeg\"><img decoding=\"async\" class=\"alignnone size-large wp-image-169175\" src=\"https:\/\/www.son.tv\/wp-content\/uploads\/2026\/03\/625fb41a-d2e6-48b1-8c10-629b77acf1cf-1024x683.jpeg\" alt=\"\" width=\"1024\" height=\"683\" \/><\/a><\/p>\n<p class=\"p1\"><span class=\"s2\">HATIRA FOTO\u011eRAFI \u0130LE SONA ERD\u0130<\/span><\/p>\n<p class=\"p1\"><span class=\"s1\">Samimi bir ortamda ger\u00e7ekle\u015fen ziyaret, g\u00fcn\u00fcn an\u0131s\u0131na \u00e7ekilen hat\u0131ra foto\u011fraf\u0131 ile sona erdi. Yetkililer, bu t\u00fcr ziyaretlerin yarg\u0131 camias\u0131ndaki dayan\u0131\u015fmay\u0131 g\u00fc\u00e7lendirdi\u011fini ifade etti.<\/span><\/p>\n<p>HSK 1. Daire \u00dcyesi Sait \u00d6zdemir, Gaziosmanpa\u015fa Adliyesi\u2019ni ziyaret ederek Cumhuriyet Ba\u015fsavc\u0131s\u0131 Hasan Dalak ve Adalet Komisyonu Ba\u015fkan\u0131 Ramazan Oru\u00e7 ile bir araya geldi. Ziyarette adliyenin \u00e7al\u0131\u015fmalar\u0131 ve y\u00fcr\u00fct\u00fclen faaliyetler hakk\u0131nda de\u011ferlendirmelerde bulunuldu.\u00a0<a href=\"https:\/\/www.son.tv\/hsk-1-daire-uyesi-ozdemir-gaziosmanpasa-adliyesini-ziyaret-etti\/\" target=\"_blank\" class=\"feedzy-rss-link-icon\">Read More<\/a><\/p>","protected":false},"excerpt":{"rendered":"<p>HSK 1. Daire \u00dcyesi Sait \u00d6zdemir, Gaziosmanpa\u015fa Adliyesi\u2019ni ziyaret etti. \u00d6zdemir\u2019i Gaziosmanpa\u015fa Cumhuriyet Ba\u015fsavc\u0131s\u0131 Hasan Dalak ve Adalet Komisyonu Ba\u015fkan\u0131 Ramazan Oru\u00e7 a\u011f\u0131rlad\u0131. Y\u00dcR\u00dcT\u00dcLEN \u00c7ALI\u015eMALAR HAKKINDA B\u0130LG\u0130 ALDI Ziyaret kapsam\u0131nda \u00d6zdemir, Ba\u015fsavc\u0131 Hasan Dalak ve Adalet Komisyonu Ba\u015fkan\u0131 Ramazan Oru\u00e7 ile bir araya gelerek adliyenin i\u015fleyi\u015fi ve y\u00fcr\u00fct\u00fclen \u00e7al\u0131\u015fmalar hakk\u0131nda bilgi ald\u0131. G\u00f6r\u00fc\u015fmede yarg\u0131 hizmetlerinin [&hellip;]<\/p>\n","protected":false},"author":1,"featured_media":22873,"comment_status":"open","ping_status":"open","sticky":false,"template":"","format":"standard","meta":{"footnotes":"","_links_to":"","_links_to_target":""},"categories":[1],"tags":[],"class_list":["post-22872","post","type-post","status-publish","format-standard","has-post-thumbnail","hentry","category-haberler"],"_links":{"self":[{"href":"https:\/\/www.abchukuk.com\/index.php\/wp-json\/wp\/v2\/posts\/22872","targetHints":{"allow":["GET"]}}],"collection":[{"href":"https:\/\/www.abchukuk.com\/index.php\/wp-json\/wp\/v2\/posts"}],"about":[{"href":"https:\/\/www.abchukuk.com\/index.php\/wp-json\/wp\/v2\/types\/post"}],"author":[{"embeddable":true,"href":"https:\/\/www.abchukuk.com\/index.php\/wp-json\/wp\/v2\/users\/1"}],"replies":[{"embeddable":true,"href":"https:\/\/www.abchukuk.com\/index.php\/wp-json\/wp\/v2\/comments?post=22872"}],"version-history":[{"count":0,"href":"https:\/\/www.abchukuk.com\/index.php\/wp-json\/wp\/v2\/posts\/22872\/revisions"}],"wp:featuredmedia":[{"embeddable":true,"href":"https:\/\/www.abchukuk.com\/index.php\/wp-json\/wp\/v2\/media\/22873"}],"wp:attachment":[{"href":"https:\/\/www.abchukuk.com\/index.php\/wp-json\/wp\/v2\/media?parent=22872"}],"wp:term":[{"taxonomy":"category","embeddable":true,"href":"https:\/\/www.abchukuk.com\/index.php\/wp-json\/wp\/v2\/categories?post=22872"},{"taxonomy":"post_tag","embeddable":true,"href":"https:\/\/www.abchukuk.com\/index.php\/wp-json\/wp\/v2\/tags?post=22872"}],"curies":[{"name":"wp","href":"https:\/\/api.w.org\/{rel}","templated":true}]}}