{"id":22870,"date":"2026-03-11T12:09:22","date_gmt":"2026-03-11T12:09:22","guid":{"rendered":"https:\/\/www.abchukuk.com\/index.php\/2026\/03\/11\/hsk-uyesi-ozdemirden-catalca-adliyesine-ziyaret\/"},"modified":"2026-03-11T12:09:22","modified_gmt":"2026-03-11T12:09:22","slug":"hsk-uyesi-ozdemirden-catalca-adliyesine-ziyaret","status":"publish","type":"post","link":"https:\/\/www.abchukuk.com\/index.php\/2026\/03\/11\/hsk-uyesi-ozdemirden-catalca-adliyesine-ziyaret\/","title":{"rendered":"HSK \u00fcyesi \u00d6zdemir\u2019den \u00c7atalca Adliyesi\u2019ne ziyaret"},"content":{"rendered":"<p class=\"p1\">Hakimler ve Savc\u0131lar Kurulu (HSK) Birinci Daire \u00dcyesi Sait \u00d6zdemir, Silivri Cumhuriyet Ba\u015fsavc\u0131s\u0131 Bar\u0131\u015f Kurt ile birlikte \u00c7atalca Adliyesi\u2019ni ziyaret etti. Ziyarette heyeti \u00c7atalca Cumhuriyet Ba\u015fsavc\u0131s\u0131 Yunus Tun\u00e7 a\u011f\u0131rlad\u0131.<\/p>\n<p><a href=\"https:\/\/www.son.tv\/wp-content\/uploads\/2026\/03\/9789d94f-790c-4d38-b9d8-a5a8ce529f6b.jpeg\"><img loading=\"lazy\" decoding=\"async\" loading=\"lazy\" class=\"alignnone size-large wp-image-169111\" src=\"https:\/\/www.son.tv\/wp-content\/uploads\/2026\/03\/9789d94f-790c-4d38-b9d8-a5a8ce529f6b-1024x682.jpeg\" alt=\"\" width=\"1024\" height=\"682\" \/><\/a><\/p>\n<p class=\"p1\"><span class=\"s2\">\u00c7atalca Adliyesi\u2019nde ger\u00e7ekle\u015fen ziyarette yarg\u0131 te\u015fkilat\u0131n\u0131n \u00e7al\u0131\u015fmalar\u0131 ve adliye faaliyetlerine ili\u015fkin de\u011ferlendirmelerde bulunuldu. Silivri Cumhuriyet Ba\u015fsavc\u0131s\u0131 Bar\u0131\u015f Kurt da HSK Birinci Daire \u00dcyesi Sait \u00d6zdemir\u2019e ziyaret s\u0131ras\u0131nda e\u015flik etti.<\/span><\/p>\n<p><a href=\"https:\/\/www.son.tv\/wp-content\/uploads\/2026\/03\/7c07dae3-cb7b-4584-bcb8-b1e4272afed5.jpeg\"><img loading=\"lazy\" decoding=\"async\" loading=\"lazy\" class=\"alignnone size-large wp-image-169112\" src=\"https:\/\/www.son.tv\/wp-content\/uploads\/2026\/03\/7c07dae3-cb7b-4584-bcb8-b1e4272afed5-1024x682.jpeg\" alt=\"\" width=\"1024\" height=\"682\" \/><\/a><\/p>\n<p class=\"p1\"><span class=\"s2\">Z\u0130YARET MOT\u0130VASYON KAYNA\u011eI OLDU<\/span><\/p>\n<p class=\"p1\"><span class=\"s2\">\u00c7atalca Cumhuriyet Ba\u015fsavc\u0131l\u0131\u011f\u0131 taraf\u0131ndan ziyarete ili\u015fkin yap\u0131lan a\u00e7\u0131klamada, HSK Birinci Daire \u00dcyesi Sait \u00d6zdemir\u2019in mesleki birikimi ve vizyonuyla yarg\u0131 camias\u0131na \u00f6nemli katk\u0131lar sundu\u011fu ifade edildi.<\/span><\/p>\n<p class=\"p1\"><span class=\"s2\">A\u00e7\u0131klamada, \u201c\u00c7atalca Adliyesi\u2019nde sizleri a\u011f\u0131rlamaktan b\u00fcy\u00fck bir onur duyuyoruz. Say\u0131n Ba\u015fkan\u0131m\u0131z, mesleki birikimi ve vizyonu ile yarg\u0131 camiam\u0131za b\u00fcy\u00fck katk\u0131lar sunmaktad\u0131r\u201d ifadelerine yer verildi.<\/span><\/p>\n<p class=\"p1\"><span class=\"s2\">MESLEK\u0130 DAYANI\u015eMA VURGUSU<\/span><\/p>\n<p class=\"p1\"><span class=\"s2\">Ba\u015fsavc\u0131l\u0131k a\u00e7\u0131klamas\u0131nda ayr\u0131ca, ziyaretin adliye te\u015fkilat\u0131 a\u00e7\u0131s\u0131ndan \u00f6nemli bir motivasyon kayna\u011f\u0131 oldu\u011fu belirtilerek \u015fu de\u011ferlendirmeye yer verildi:<\/span><\/p>\n<p class=\"p1\"><span class=\"s2\">\u201cNazik ziyareti, \u00c7atalca Adliyesi\u2019ni onurland\u0131rm\u0131\u015f ve bizler i\u00e7in hem g\u00fc\u00e7l\u00fc bir motivasyon kayna\u011f\u0131 hem de mesleki dayan\u0131\u015fmam\u0131z\u0131 peki\u015ftiren anlaml\u0131 bir vesile olmu\u015ftur. Sahada g\u00f6rev yapan bizler, Say\u0131n Ba\u015fkan\u0131m\u0131z\u0131n tecr\u00fcbesi ve liderli\u011fiyle daha g\u00fc\u00e7l\u00fc ve verimli hizmet sunma azmiyle \u00e7al\u0131\u015fmalar\u0131m\u0131za devam ediyoruz. \u00c7atalca Adliyesi bug\u00fcn, Say\u0131n Ba\u015fkan\u0131m\u0131z\u0131n ziyaretleriyle yarg\u0131n\u0131n g\u00fcc\u00fcn\u00fc bir kez daha hissetmi\u015ftir.\u201d<\/span><\/p>\n<p>HSK Birinci Daire \u00dcyesi Sait \u00d6zdemir, Silivri Cumhuriyet Ba\u015fsavc\u0131s\u0131 Bar\u0131\u015f Kurt ile birlikte \u00c7atalca Adliyesi\u2019ni ziyaret etti. Ziyarette heyeti \u00c7atalca Cumhuriyet Ba\u015fsavc\u0131s\u0131 Yunus Tun\u00e7 kar\u015f\u0131lad\u0131. \u00c7atalca Cumhuriyet Ba\u015fsavc\u0131l\u0131\u011f\u0131, ziyarete ili\u015fkin yapt\u0131\u011f\u0131 a\u00e7\u0131klamada ziyaretin yarg\u0131 camias\u0131 i\u00e7in \u00f6nemli bir motivasyon kayna\u011f\u0131 oldu\u011funu vurgulad\u0131.\u00a0<a href=\"https:\/\/www.son.tv\/hsk-uyesi-ozdemirden-catalca-adliyesine-ziyaret\/\" target=\"_blank\" class=\"feedzy-rss-link-icon\">Read More<\/a><\/p>","protected":false},"excerpt":{"rendered":"<p>Hakimler ve Savc\u0131lar Kurulu (HSK) Birinci Daire \u00dcyesi Sait \u00d6zdemir, Silivri Cumhuriyet Ba\u015fsavc\u0131s\u0131 Bar\u0131\u015f Kurt ile birlikte \u00c7atalca Adliyesi\u2019ni ziyaret etti. Ziyarette heyeti \u00c7atalca Cumhuriyet Ba\u015fsavc\u0131s\u0131 Yunus Tun\u00e7 a\u011f\u0131rlad\u0131. \u00c7atalca Adliyesi\u2019nde ger\u00e7ekle\u015fen ziyarette yarg\u0131 te\u015fkilat\u0131n\u0131n \u00e7al\u0131\u015fmalar\u0131 ve adliye faaliyetlerine ili\u015fkin de\u011ferlendirmelerde bulunuldu. Silivri Cumhuriyet Ba\u015fsavc\u0131s\u0131 Bar\u0131\u015f Kurt da HSK Birinci Daire \u00dcyesi Sait \u00d6zdemir\u2019e ziyaret [&hellip;]<\/p>\n","protected":false},"author":1,"featured_media":22871,"comment_status":"open","ping_status":"open","sticky":false,"template":"","format":"standard","meta":{"footnotes":"","_links_to":"","_links_to_target":""},"categories":[1],"tags":[],"class_list":["post-22870","post","type-post","status-publish","format-standard","has-post-thumbnail","hentry","category-haberler"],"_links":{"self":[{"href":"https:\/\/www.abchukuk.com\/index.php\/wp-json\/wp\/v2\/posts\/22870","targetHints":{"allow":["GET"]}}],"collection":[{"href":"https:\/\/www.abchukuk.com\/index.php\/wp-json\/wp\/v2\/posts"}],"about":[{"href":"https:\/\/www.abchukuk.com\/index.php\/wp-json\/wp\/v2\/types\/post"}],"author":[{"embeddable":true,"href":"https:\/\/www.abchukuk.com\/index.php\/wp-json\/wp\/v2\/users\/1"}],"replies":[{"embeddable":true,"href":"https:\/\/www.abchukuk.com\/index.php\/wp-json\/wp\/v2\/comments?post=22870"}],"version-history":[{"count":0,"href":"https:\/\/www.abchukuk.com\/index.php\/wp-json\/wp\/v2\/posts\/22870\/revisions"}],"wp:featuredmedia":[{"embeddable":true,"href":"https:\/\/www.abchukuk.com\/index.php\/wp-json\/wp\/v2\/media\/22871"}],"wp:attachment":[{"href":"https:\/\/www.abchukuk.com\/index.php\/wp-json\/wp\/v2\/media?parent=22870"}],"wp:term":[{"taxonomy":"category","embeddable":true,"href":"https:\/\/www.abchukuk.com\/index.php\/wp-json\/wp\/v2\/categories?post=22870"},{"taxonomy":"post_tag","embeddable":true,"href":"https:\/\/www.abchukuk.com\/index.php\/wp-json\/wp\/v2\/tags?post=22870"}],"curies":[{"name":"wp","href":"https:\/\/api.w.org\/{rel}","templated":true}]}}