{"id":22868,"date":"2026-03-11T12:29:16","date_gmt":"2026-03-11T12:29:16","guid":{"rendered":"https:\/\/www.abchukuk.com\/index.php\/2026\/03\/11\/mugla-valisi-akbiyik-ve-bassavci-donmez-yatagan-yeni-adliye-sarayini-ziyaret-etti\/"},"modified":"2026-03-11T12:29:16","modified_gmt":"2026-03-11T12:29:16","slug":"mugla-valisi-akbiyik-ve-bassavci-donmez-yatagan-yeni-adliye-sarayini-ziyaret-etti","status":"publish","type":"post","link":"https:\/\/www.abchukuk.com\/index.php\/2026\/03\/11\/mugla-valisi-akbiyik-ve-bassavci-donmez-yatagan-yeni-adliye-sarayini-ziyaret-etti\/","title":{"rendered":"Mu\u011fla Valisi Akb\u0131y\u0131k ve Ba\u015fsavc\u0131 D\u00f6nmez Yata\u011fan yeni adliye saray\u0131\u2019n\u0131 ziyaret etti"},"content":{"rendered":"<p>Mu\u011fla Valisi Dr. \u0130dris Akb\u0131y\u0131k, Mu\u011fla Cumhuriyet Ba\u015fsavc\u0131s\u0131 O\u011fuzhan D\u00f6nmez ve Yata\u011fan Kaymakam\u0131 Turgay \u0130lhan ile birlikte yap\u0131m\u0131 tamamlanarak hizmete giren Yata\u011fan Yeni Adliye Saray\u0131\u2019n\u0131 ziyaret etti. Vali Akb\u0131y\u0131k ve beraberindeki heyet, Yata\u011fan Cumhuriyet Ba\u015fsavc\u0131s\u0131 Baki Bozkaya taraf\u0131ndan kar\u015f\u0131land\u0131. Ziyarette yeni adliye binas\u0131 gezilerek y\u00fcr\u00fct\u00fclen \u00e7al\u0131\u015fmalar hakk\u0131nda bilgi al\u0131nd\u0131.<\/p>\n<p><a href=\"https:\/\/www.son.tv\/wp-content\/uploads\/2026\/03\/WhatsApp-Image-2026-03-11-at-12.22.13-3.jpeg\"><img loading=\"lazy\" decoding=\"async\" loading=\"lazy\" class=\"alignnone size-large wp-image-169118\" src=\"https:\/\/www.son.tv\/wp-content\/uploads\/2026\/03\/WhatsApp-Image-2026-03-11-at-12.22.13-3-1024x768.jpeg\" alt=\"\" width=\"1024\" height=\"768\" \/><\/a><\/p>\n<p>Heyet daha sonra Ba\u015fsavc\u0131 Baki Bozkaya\u2019n\u0131n makam\u0131nda bir s\u00fcre g\u00f6r\u00fc\u015ferek il\u00e7ede y\u00fcr\u00fct\u00fclen adli hizmetler ve yeni adliye saray\u0131n\u0131n sundu\u011fu imkanlar hakk\u0131nda de\u011ferlendirmelerde bulundu. Yata\u011fan Cumhuriyet Ba\u015fsavc\u0131s\u0131 Baki Bozkaya, yeni adliye saray\u0131n\u0131n modern fiziki yap\u0131s\u0131yla hem yarg\u0131 mensuplar\u0131n\u0131n \u00e7al\u0131\u015fma ko\u015fullar\u0131n\u0131 iyile\u015ftirdi\u011fini hem de vatanda\u015flar\u0131n adli hizmetlere daha h\u0131zl\u0131 ve etkin \u015fekilde eri\u015fmesine katk\u0131 sa\u011flayaca\u011f\u0131n\u0131 ifade etti.<\/p>\n<p><a href=\"https:\/\/www.son.tv\/wp-content\/uploads\/2026\/03\/WhatsApp-Image-2026-03-11-at-12.22.13-1.jpeg\"><img loading=\"lazy\" decoding=\"async\" loading=\"lazy\" class=\"alignnone size-large wp-image-169119\" src=\"https:\/\/www.son.tv\/wp-content\/uploads\/2026\/03\/WhatsApp-Image-2026-03-11-at-12.22.13-1-1024x682.jpeg\" alt=\"\" width=\"1024\" height=\"682\" \/><\/a><\/p>\n<p>Mu\u011fla Cumhuriyet Ba\u015fsavc\u0131s\u0131 O\u011fuzhan D\u00f6nmez ise Yata\u011fan\u2019da hizmete giren yeni adliye binas\u0131n\u0131n b\u00f6lgedeki adli hizmetlerin daha etkin y\u00fcr\u00fct\u00fclmesine \u00f6nemli katk\u0131 sa\u011flayaca\u011f\u0131n\u0131 belirterek eme\u011fi ge\u00e7enlere te\u015fekk\u00fcr etti.<\/p>\n<p><a href=\"https:\/\/www.son.tv\/wp-content\/uploads\/2026\/03\/WhatsApp-Image-2026-03-11-at-12.22.13-1-1.jpeg\"><img loading=\"lazy\" decoding=\"async\" loading=\"lazy\" class=\"alignnone size-large wp-image-169120\" src=\"https:\/\/www.son.tv\/wp-content\/uploads\/2026\/03\/WhatsApp-Image-2026-03-11-at-12.22.13-1-1-1024x682.jpeg\" alt=\"\" width=\"1024\" height=\"682\" \/><\/a><\/p>\n<p>Program\u0131n devam\u0131nda Vali Akb\u0131y\u0131k, Ba\u015fsavc\u0131 D\u00f6nmez, Kaymakam \u0130lhan ve Yata\u011fan Cumhuriyet Ba\u015fsavc\u0131s\u0131 Baki Bozkaya, Yata\u011fan Millet Bah\u00e7esi\u2019nde \u00f6\u011frencilerle birlikte d\u00fczenlenen iftar program\u0131na kat\u0131ld\u0131. Ramazan ay\u0131n\u0131n birlik, beraberlik ve dayan\u0131\u015fma ruhunun payla\u015f\u0131ld\u0131\u011f\u0131 programda \u00f6\u011frencilerle sohbet edilerek e\u011fitim hayatlar\u0131nda ba\u015far\u0131lar dilendi ve gen\u00e7lere \u00fclkenin gelece\u011finde \u00f6nemli sorumluluklar \u00fcstlenecekleri y\u00f6n\u00fcnde mesajlar verildi.<\/p>\n<p><a href=\"https:\/\/www.son.tv\/wp-content\/uploads\/2026\/03\/WhatsApp-Image-2026-03-11-at-12.22.13-8.jpeg\"><img loading=\"lazy\" decoding=\"async\" loading=\"lazy\" class=\"alignnone size-large wp-image-169121\" src=\"https:\/\/www.son.tv\/wp-content\/uploads\/2026\/03\/WhatsApp-Image-2026-03-11-at-12.22.13-8-1024x577.jpeg\" alt=\"\" width=\"1024\" height=\"577\" \/><\/a> <a href=\"https:\/\/www.son.tv\/wp-content\/uploads\/2026\/03\/WhatsApp-Image-2026-03-11-at-12.22.13-7.jpeg\"><img loading=\"lazy\" decoding=\"async\" loading=\"lazy\" class=\"alignnone size-large wp-image-169122\" src=\"https:\/\/www.son.tv\/wp-content\/uploads\/2026\/03\/WhatsApp-Image-2026-03-11-at-12.22.13-7-1024x577.jpeg\" alt=\"\" width=\"1024\" height=\"577\" \/><\/a> <a href=\"https:\/\/www.son.tv\/wp-content\/uploads\/2026\/03\/WhatsApp-Image-2026-03-11-at-12.22.13-6.jpeg\"><img loading=\"lazy\" decoding=\"async\" loading=\"lazy\" class=\"alignnone size-large wp-image-169123\" src=\"https:\/\/www.son.tv\/wp-content\/uploads\/2026\/03\/WhatsApp-Image-2026-03-11-at-12.22.13-6-1024x478.jpeg\" alt=\"\" width=\"1024\" height=\"478\" \/><\/a> <a href=\"https:\/\/www.son.tv\/wp-content\/uploads\/2026\/03\/WhatsApp-Image-2026-03-11-at-12.22.13-5.jpeg\"><img loading=\"lazy\" decoding=\"async\" loading=\"lazy\" class=\"alignnone size-large wp-image-169124\" src=\"https:\/\/www.son.tv\/wp-content\/uploads\/2026\/03\/WhatsApp-Image-2026-03-11-at-12.22.13-5-1024x478.jpeg\" alt=\"\" width=\"1024\" height=\"478\" \/><\/a><\/p>\n<p><a href=\"https:\/\/www.son.tv\/wp-content\/uploads\/2026\/03\/WhatsApp-Image-2026-03-11-at-15.28.59.jpeg\"><img loading=\"lazy\" decoding=\"async\" loading=\"lazy\" class=\"alignnone size-full wp-image-169126\" src=\"https:\/\/www.son.tv\/wp-content\/uploads\/2026\/03\/WhatsApp-Image-2026-03-11-at-15.28.59.jpeg\" alt=\"\" width=\"739\" height=\"657\" \/><\/a><\/p>\n<p>Mu\u011fla Valisi Dr. \u0130dris Akb\u0131y\u0131k, Mu\u011fla Cumhuriyet Ba\u015fsavc\u0131s\u0131 O\u011fuzhan D\u00f6nmez ve Yata\u011fan Kaymakam\u0131 Turgay \u0130lhan ile birlikte yap\u0131m\u0131 tamamlanarak hizmete giren Yata\u011fan Yeni Adliye Saray\u0131\u2019n\u0131 ziyaret etti. Vali Akb\u0131y\u0131k ve beraberindeki heyet, Yata\u011fan Cumhuriyet Ba\u015fsavc\u0131s\u0131 Baki Bozkaya taraf\u0131ndan kar\u015f\u0131land\u0131. Ziyarette yeni adliye binas\u0131 gezilerek y\u00fcr\u00fct\u00fclen \u00e7al\u0131\u015fmalar hakk\u0131nda bilgi al\u0131nd\u0131. Heyet daha sonra Ba\u015fsavc\u0131 Baki Bozkaya\u2019n\u0131n\u00a0<a href=\"https:\/\/www.son.tv\/mugla-valisi-akbiyik-ve-bassavci-donmez-yatagan-yeni-adliye-sarayini-ziyaret-etti\/\" target=\"_blank\" class=\"feedzy-rss-link-icon\">Read More<\/a><\/p>","protected":false},"excerpt":{"rendered":"<p>Mu\u011fla Valisi Dr. \u0130dris Akb\u0131y\u0131k, Mu\u011fla Cumhuriyet Ba\u015fsavc\u0131s\u0131 O\u011fuzhan D\u00f6nmez ve Yata\u011fan Kaymakam\u0131 Turgay \u0130lhan ile birlikte yap\u0131m\u0131 tamamlanarak hizmete giren Yata\u011fan Yeni Adliye Saray\u0131\u2019n\u0131 ziyaret etti. Vali Akb\u0131y\u0131k ve beraberindeki heyet, Yata\u011fan Cumhuriyet Ba\u015fsavc\u0131s\u0131 Baki Bozkaya taraf\u0131ndan kar\u015f\u0131land\u0131. Ziyarette yeni adliye binas\u0131 gezilerek y\u00fcr\u00fct\u00fclen \u00e7al\u0131\u015fmalar hakk\u0131nda bilgi al\u0131nd\u0131. Heyet daha sonra Ba\u015fsavc\u0131 Baki Bozkaya\u2019n\u0131n [&hellip;]<\/p>\n","protected":false},"author":1,"featured_media":22869,"comment_status":"open","ping_status":"open","sticky":false,"template":"","format":"standard","meta":{"footnotes":"","_links_to":"","_links_to_target":""},"categories":[1],"tags":[],"class_list":["post-22868","post","type-post","status-publish","format-standard","has-post-thumbnail","hentry","category-haberler"],"_links":{"self":[{"href":"https:\/\/www.abchukuk.com\/index.php\/wp-json\/wp\/v2\/posts\/22868","targetHints":{"allow":["GET"]}}],"collection":[{"href":"https:\/\/www.abchukuk.com\/index.php\/wp-json\/wp\/v2\/posts"}],"about":[{"href":"https:\/\/www.abchukuk.com\/index.php\/wp-json\/wp\/v2\/types\/post"}],"author":[{"embeddable":true,"href":"https:\/\/www.abchukuk.com\/index.php\/wp-json\/wp\/v2\/users\/1"}],"replies":[{"embeddable":true,"href":"https:\/\/www.abchukuk.com\/index.php\/wp-json\/wp\/v2\/comments?post=22868"}],"version-history":[{"count":0,"href":"https:\/\/www.abchukuk.com\/index.php\/wp-json\/wp\/v2\/posts\/22868\/revisions"}],"wp:featuredmedia":[{"embeddable":true,"href":"https:\/\/www.abchukuk.com\/index.php\/wp-json\/wp\/v2\/media\/22869"}],"wp:attachment":[{"href":"https:\/\/www.abchukuk.com\/index.php\/wp-json\/wp\/v2\/media?parent=22868"}],"wp:term":[{"taxonomy":"category","embeddable":true,"href":"https:\/\/www.abchukuk.com\/index.php\/wp-json\/wp\/v2\/categories?post=22868"},{"taxonomy":"post_tag","embeddable":true,"href":"https:\/\/www.abchukuk.com\/index.php\/wp-json\/wp\/v2\/tags?post=22868"}],"curies":[{"name":"wp","href":"https:\/\/api.w.org\/{rel}","templated":true}]}}