{"id":22866,"date":"2026-03-11T12:35:55","date_gmt":"2026-03-11T12:35:55","guid":{"rendered":"https:\/\/www.abchukuk.com\/index.php\/2026\/03\/11\/gebze-cumhuriyet-bassavciligi-tarafindan-iftar-programi-duzenlendi\/"},"modified":"2026-03-11T12:35:55","modified_gmt":"2026-03-11T12:35:55","slug":"gebze-cumhuriyet-bassavciligi-tarafindan-iftar-programi-duzenlendi","status":"publish","type":"post","link":"https:\/\/www.abchukuk.com\/index.php\/2026\/03\/11\/gebze-cumhuriyet-bassavciligi-tarafindan-iftar-programi-duzenlendi\/","title":{"rendered":"Gebze Cumhuriyet Ba\u015fsavc\u0131l\u0131\u011f\u0131 taraf\u0131ndan iftar program\u0131 d\u00fczenlendi"},"content":{"rendered":"<p>M\u00fcbarek Ramazan ay\u0131n\u0131n birlik, beraberlik ve dayan\u0131\u015fma ruhunu peki\u015ftirmek amac\u0131yla Gebze Cumhuriyet Ba\u015fsavc\u0131l\u0131\u011f\u0131 taraf\u0131ndan iftar program\u0131 d\u00fczenlendi. D\u00fczenlenen programa Cumhuriyet savc\u0131lar\u0131, hakimler ve adliye personeli kat\u0131l\u0131m sa\u011flad\u0131. Samimi ve s\u0131cak bir ortamda ger\u00e7ekle\u015fen iftar program\u0131nda mesai arkada\u015flar\u0131 bir araya gelerek Ramazan ay\u0131n\u0131n manevi atmosferini birlikte payla\u015fma f\u0131rsat\u0131 buldu.<\/p>\n<p><a href=\"https:\/\/www.son.tv\/wp-content\/uploads\/2026\/03\/WhatsApp-Image-2026-03-11-at-15.16.27-2.jpeg\"><img loading=\"lazy\" decoding=\"async\" loading=\"lazy\" class=\"alignnone size-large wp-image-169134\" src=\"https:\/\/www.son.tv\/wp-content\/uploads\/2026\/03\/WhatsApp-Image-2026-03-11-at-15.16.27-2-1024x682.jpeg\" alt=\"\" width=\"1024\" height=\"682\" \/><\/a><\/p>\n<p>Programda, kurum i\u00e7i dayan\u0131\u015fman\u0131n ve birlik ruhunun \u00f6nemine vurgu yap\u0131l\u0131rken, kat\u0131l\u0131mc\u0131lar iftar program\u0131n\u0131n d\u00fczenlenmesinden duyduklar\u0131 memnuniyeti dile getirdi. Gebze Cumhuriyet Ba\u015fsavc\u0131l\u0131\u011f\u0131 taraf\u0131ndan d\u00fczenlenen iftar program\u0131, iyi dilek ve temennilerin ard\u0131ndan sona erdi.<\/p>\n<p><a href=\"https:\/\/www.son.tv\/wp-content\/uploads\/2026\/03\/WhatsApp-Image-2026-03-11-at-15.16.27-1.jpeg\"><img loading=\"lazy\" decoding=\"async\" loading=\"lazy\" class=\"alignnone size-large wp-image-169135\" src=\"https:\/\/www.son.tv\/wp-content\/uploads\/2026\/03\/WhatsApp-Image-2026-03-11-at-15.16.27-1-1024x682.jpeg\" alt=\"\" width=\"1024\" height=\"682\" \/><\/a> <a href=\"https:\/\/www.son.tv\/wp-content\/uploads\/2026\/03\/WhatsApp-Image-2026-03-11-at-15.16.27-4.jpeg\"><img loading=\"lazy\" decoding=\"async\" loading=\"lazy\" class=\"alignnone size-large wp-image-169132\" src=\"https:\/\/www.son.tv\/wp-content\/uploads\/2026\/03\/WhatsApp-Image-2026-03-11-at-15.16.27-4-1024x682.jpeg\" alt=\"\" width=\"1024\" height=\"682\" \/><\/a><a href=\"https:\/\/www.son.tv\/wp-content\/uploads\/2026\/03\/WhatsApp-Image-2026-03-11-at-15.16.26-2.jpeg\"><img loading=\"lazy\" decoding=\"async\" loading=\"lazy\" class=\"alignnone size-large wp-image-169137\" src=\"https:\/\/www.son.tv\/wp-content\/uploads\/2026\/03\/WhatsApp-Image-2026-03-11-at-15.16.26-2-1024x682.jpeg\" alt=\"\" width=\"1024\" height=\"682\" \/><\/a> <a href=\"https:\/\/www.son.tv\/wp-content\/uploads\/2026\/03\/WhatsApp-Image-2026-03-11-at-15.16.26-1.jpeg\"><img loading=\"lazy\" decoding=\"async\" loading=\"lazy\" class=\"alignnone size-large wp-image-169138\" src=\"https:\/\/www.son.tv\/wp-content\/uploads\/2026\/03\/WhatsApp-Image-2026-03-11-at-15.16.26-1-1024x682.jpeg\" alt=\"\" width=\"1024\" height=\"682\" \/><\/a><a href=\"https:\/\/www.son.tv\/wp-content\/uploads\/2026\/03\/WhatsApp-Image-2026-03-11-at-15.16.28.jpeg\"><img loading=\"lazy\" decoding=\"async\" loading=\"lazy\" class=\"alignnone size-large wp-image-169131\" src=\"https:\/\/www.son.tv\/wp-content\/uploads\/2026\/03\/WhatsApp-Image-2026-03-11-at-15.16.28-1024x682.jpeg\" alt=\"\" width=\"1024\" height=\"682\" \/><\/a> <a href=\"https:\/\/www.son.tv\/wp-content\/uploads\/2026\/03\/WhatsApp-Image-2026-03-11-at-15.16.26.jpeg\"><img loading=\"lazy\" decoding=\"async\" loading=\"lazy\" class=\"alignnone size-large wp-image-169139\" src=\"https:\/\/www.son.tv\/wp-content\/uploads\/2026\/03\/WhatsApp-Image-2026-03-11-at-15.16.26-1024x682.jpeg\" alt=\"\" width=\"1024\" height=\"682\" \/><\/a> <a href=\"https:\/\/www.son.tv\/wp-content\/uploads\/2026\/03\/WhatsApp-Image-2026-03-11-at-15.16.25-2.jpeg\"><img loading=\"lazy\" decoding=\"async\" loading=\"lazy\" class=\"alignnone size-large wp-image-169140\" src=\"https:\/\/www.son.tv\/wp-content\/uploads\/2026\/03\/WhatsApp-Image-2026-03-11-at-15.16.25-2-1024x682.jpeg\" alt=\"\" width=\"1024\" height=\"682\" \/><\/a> <a href=\"https:\/\/www.son.tv\/wp-content\/uploads\/2026\/03\/WhatsApp-Image-2026-03-11-at-15.16.25-1.jpeg\"><img loading=\"lazy\" decoding=\"async\" loading=\"lazy\" class=\"alignnone size-large wp-image-169141\" src=\"https:\/\/www.son.tv\/wp-content\/uploads\/2026\/03\/WhatsApp-Image-2026-03-11-at-15.16.25-1-1024x682.jpeg\" alt=\"\" width=\"1024\" height=\"682\" \/><\/a><a href=\"https:\/\/www.son.tv\/wp-content\/uploads\/2026\/03\/WhatsApp-Image-2026-03-11-at-15.16.27-3.jpeg\"><img loading=\"lazy\" decoding=\"async\" loading=\"lazy\" class=\"alignnone size-large wp-image-169133\" src=\"https:\/\/www.son.tv\/wp-content\/uploads\/2026\/03\/WhatsApp-Image-2026-03-11-at-15.16.27-3-1024x682.jpeg\" alt=\"\" width=\"1024\" height=\"682\" \/><\/a><\/p>\n<p>M\u00fcbarek Ramazan ay\u0131n\u0131n birlik, beraberlik ve dayan\u0131\u015fma ruhunu peki\u015ftirmek amac\u0131yla Gebze Cumhuriyet Ba\u015fsavc\u0131l\u0131\u011f\u0131 taraf\u0131ndan iftar program\u0131 d\u00fczenlendi. D\u00fczenlenen programa Cumhuriyet savc\u0131lar\u0131, hakimler ve adliye personeli kat\u0131l\u0131m sa\u011flad\u0131. Samimi ve s\u0131cak bir ortamda ger\u00e7ekle\u015fen iftar program\u0131nda mesai arkada\u015flar\u0131 bir araya gelerek Ramazan ay\u0131n\u0131n manevi atmosferini birlikte payla\u015fma f\u0131rsat\u0131 buldu. Programda, kurum i\u00e7i dayan\u0131\u015fman\u0131n ve birlik ruhunun\u00a0<a href=\"https:\/\/www.son.tv\/gebze-cumhuriyet-bassavciligi-tarafindan-iftar-programi-duzenlendi\/\" target=\"_blank\" class=\"feedzy-rss-link-icon\">Read More<\/a><\/p>","protected":false},"excerpt":{"rendered":"<p>M\u00fcbarek Ramazan ay\u0131n\u0131n birlik, beraberlik ve dayan\u0131\u015fma ruhunu peki\u015ftirmek amac\u0131yla Gebze Cumhuriyet Ba\u015fsavc\u0131l\u0131\u011f\u0131 taraf\u0131ndan iftar program\u0131 d\u00fczenlendi. D\u00fczenlenen programa Cumhuriyet savc\u0131lar\u0131, hakimler ve adliye personeli kat\u0131l\u0131m sa\u011flad\u0131. Samimi ve s\u0131cak bir ortamda ger\u00e7ekle\u015fen iftar program\u0131nda mesai arkada\u015flar\u0131 bir araya gelerek Ramazan ay\u0131n\u0131n manevi atmosferini birlikte payla\u015fma f\u0131rsat\u0131 buldu. Programda, kurum i\u00e7i dayan\u0131\u015fman\u0131n ve birlik ruhunun [&hellip;]<\/p>\n","protected":false},"author":1,"featured_media":22867,"comment_status":"open","ping_status":"open","sticky":false,"template":"","format":"standard","meta":{"footnotes":"","_links_to":"","_links_to_target":""},"categories":[1],"tags":[],"class_list":["post-22866","post","type-post","status-publish","format-standard","has-post-thumbnail","hentry","category-haberler"],"_links":{"self":[{"href":"https:\/\/www.abchukuk.com\/index.php\/wp-json\/wp\/v2\/posts\/22866","targetHints":{"allow":["GET"]}}],"collection":[{"href":"https:\/\/www.abchukuk.com\/index.php\/wp-json\/wp\/v2\/posts"}],"about":[{"href":"https:\/\/www.abchukuk.com\/index.php\/wp-json\/wp\/v2\/types\/post"}],"author":[{"embeddable":true,"href":"https:\/\/www.abchukuk.com\/index.php\/wp-json\/wp\/v2\/users\/1"}],"replies":[{"embeddable":true,"href":"https:\/\/www.abchukuk.com\/index.php\/wp-json\/wp\/v2\/comments?post=22866"}],"version-history":[{"count":0,"href":"https:\/\/www.abchukuk.com\/index.php\/wp-json\/wp\/v2\/posts\/22866\/revisions"}],"wp:featuredmedia":[{"embeddable":true,"href":"https:\/\/www.abchukuk.com\/index.php\/wp-json\/wp\/v2\/media\/22867"}],"wp:attachment":[{"href":"https:\/\/www.abchukuk.com\/index.php\/wp-json\/wp\/v2\/media?parent=22866"}],"wp:term":[{"taxonomy":"category","embeddable":true,"href":"https:\/\/www.abchukuk.com\/index.php\/wp-json\/wp\/v2\/categories?post=22866"},{"taxonomy":"post_tag","embeddable":true,"href":"https:\/\/www.abchukuk.com\/index.php\/wp-json\/wp\/v2\/tags?post=22866"}],"curies":[{"name":"wp","href":"https:\/\/api.w.org\/{rel}","templated":true}]}}