{"id":22864,"date":"2026-03-11T12:59:32","date_gmt":"2026-03-11T12:59:32","guid":{"rendered":"https:\/\/www.abchukuk.com\/index.php\/2026\/03\/11\/gelecegin-hukukculari-adaletin-zirvesiyle-bulustu\/"},"modified":"2026-03-11T12:59:32","modified_gmt":"2026-03-11T12:59:32","slug":"gelecegin-hukukculari-adaletin-zirvesiyle-bulustu","status":"publish","type":"post","link":"https:\/\/www.abchukuk.com\/index.php\/2026\/03\/11\/gelecegin-hukukculari-adaletin-zirvesiyle-bulustu\/","title":{"rendered":"Gelece\u011fin hukuk\u00e7ular\u0131 adaletin zirvesiyle bulu\u015ftu"},"content":{"rendered":"<p>E\u011fitimde teori ile prati\u011fi birle\u015ftiren Hamitler TOK\u0130 Ticaret Mesleki ve Teknik Anadolu Lisesi, \u00f6\u011frencilerin ufkunu a\u00e7maya devam ediyor. Okulda geleneksel hale gelen Kariyer G\u00fcnleri etkinlikleri kapsam\u0131nda bu kez Adalet Alan\u0131 \u00f6\u011frencileri, yarg\u0131 d\u00fcnyas\u0131n\u0131n \u00f6nemli isimleriyle bir araya geldi.<\/p>\n<p><a href=\"https:\/\/www.son.tv\/wp-content\/uploads\/2026\/03\/9f4e6c12ae598faf72d7094e0527c624.jpg\"><img fetchpriority=\"high\" decoding=\"async\" class=\"alignnone size-full wp-image-169149\" src=\"https:\/\/www.son.tv\/wp-content\/uploads\/2026\/03\/9f4e6c12ae598faf72d7094e0527c624.jpg\" alt=\"\" width=\"900\" height=\"675\" \/><\/a><\/p>\n<p>\u200b\u201dADALET SADECE KANUN DE\u011e\u0130L, V\u0130CDAN VE D\u0130S\u0130PL\u0130ND\u0130R\u201d<\/p>\n<p>\u200bBursa Cumhuriyet Savc\u0131s\u0131 Say\u0131n Celal Cem \u00c7i\u00e7ek ve \u0130lamat \u0130nfaz B\u00fcrosu Yaz\u0131 \u0130\u015fleri M\u00fcd\u00fcr\u00fc Say\u0131n Mehmetcan Sarg\u0131n, d\u00fczenlenen s\u00f6yle\u015fide \u00f6\u011frencilerle bulu\u015ftu. Savc\u0131l\u0131k makam\u0131n\u0131n a\u011f\u0131r sorumluluklar\u0131ndan adliye te\u015fkilat\u0131n\u0131n gizli kahramanlar\u0131na kadar geni\u015f bir yelpazede bilgi veren konuklar, \u00f6\u011frencilere mesle\u011fin alt\u0131n kurallar\u0131n\u0131 f\u0131s\u0131ldad\u0131. \u00d6zellikle disiplin, etik de\u011ferler ve sorumluluk bilincinin alt\u0131n\u0131 \u00e7izen Savc\u0131 \u00c7i\u00e7ek, ger\u00e7ek vakalardan verdi\u011fi \u00f6rneklerle \u00f6\u011frencileri mesle\u011fin hem zorluklar\u0131na hem de kutsall\u0131\u011f\u0131na haz\u0131rlad\u0131.<\/p>\n<p><a href=\"https:\/\/www.son.tv\/wp-content\/uploads\/2026\/03\/b7a0791ef5eb50103d337fe718c1b5dd.jpg\"><img decoding=\"async\" class=\"alignnone size-full wp-image-169150\" src=\"https:\/\/www.son.tv\/wp-content\/uploads\/2026\/03\/b7a0791ef5eb50103d337fe718c1b5dd.jpg\" alt=\"\" width=\"900\" height=\"675\" \/><\/a><\/p>\n<p>\u200bOKULUN DURU\u015eMA SALONU TAM NOT ALDI<\/p>\n<p>\u200bS\u00f6yle\u015finin ard\u0131ndan konuklara okulun b\u00fcnyesinde bulunan ve adeta ger\u00e7ek bir adliyeyi and\u0131ran Uygulamal\u0131 Duru\u015fma Salonu ile at\u00f6lyeler gezdirildi. \u00d6\u011frencilerin derslerini bizzat k\u00fcrs\u00fc ba\u015f\u0131nda, duru\u015fma atmosferinde i\u015flemesi konuklar taraf\u0131ndan takdirle kar\u015f\u0131land\u0131. Mesleki becerilerin yerinde geli\u015ftirilmesi amac\u0131yla kurulan bu alanlar\u0131n, adalet hizmetlerine nitelikli personel yeti\u015ftirilmesindeki rol\u00fc vurguland\u0131.<\/p>\n<p><a href=\"https:\/\/www.son.tv\/wp-content\/uploads\/2026\/03\/8884a2299abd307fcd9768b278844860.jpg\"><img decoding=\"async\" class=\"alignnone size-large wp-image-169151\" src=\"https:\/\/www.son.tv\/wp-content\/uploads\/2026\/03\/8884a2299abd307fcd9768b278844860-768x1024.jpg\" alt=\"\" width=\"768\" height=\"1024\" \/><\/a><\/p>\n<p>\u200b\u00c7\u0130\u00c7EKLERLE U\u011eURLANDILAR<\/p>\n<p>\u200b\u0130nteraktif bir soru-cevap b\u00f6l\u00fcm\u00fcyle zenginle\u015fen etkinli\u011fin sonunda, \u00f6\u011frencilerin sorular\u0131n\u0131 i\u00e7tenlikle yan\u0131tlayan \u00c7i\u00e7ek ve Sarg\u0131n\u2019a g\u00fcn\u00fcn an\u0131s\u0131na \u00e7i\u00e7ek takdim edildi. Gen\u00e7lerin g\u00f6zlerindeki heyecan ve azim g\u00f6r\u00fclmeye de\u011ferken, program hat\u0131ra foto\u011fraflar\u0131n\u0131n \u00e7ekilmesiyle son buldu.<\/p>\n<p><a href=\"https:\/\/www.son.tv\/wp-content\/uploads\/2026\/03\/d00e5a7c420bc6d7669d140be4a83170.jpg\"><img loading=\"lazy\" decoding=\"async\" loading=\"lazy\" class=\"alignnone size-large wp-image-169152\" src=\"https:\/\/www.son.tv\/wp-content\/uploads\/2026\/03\/d00e5a7c420bc6d7669d140be4a83170-1024x768.jpg\" alt=\"\" width=\"1024\" height=\"768\" \/><\/a> <a href=\"https:\/\/www.son.tv\/wp-content\/uploads\/2026\/03\/c22886d985438b7c47f197e6b8528f36.jpg\"><img loading=\"lazy\" decoding=\"async\" loading=\"lazy\" class=\"alignnone size-large wp-image-169153\" src=\"https:\/\/www.son.tv\/wp-content\/uploads\/2026\/03\/c22886d985438b7c47f197e6b8528f36-1024x768.jpg\" alt=\"\" width=\"1024\" height=\"768\" \/><\/a><\/p>\n<p>\u200bBursa Hamitler TOK\u0130 Ticaret Mesleki ve Teknik Anadolu Lisesi\u2019nde d\u00fczenlenen Kariyer G\u00fcnleri, adalet koridorlar\u0131n\u0131n deneyimli isimlerini a\u011f\u0131rlad\u0131. Cumhuriyet Savc\u0131s\u0131 Celal Cem \u00c7i\u00e7ek ve Yaz\u0131 \u0130\u015fleri M\u00fcd\u00fcr\u00fc Mehmetcan Sarg\u0131n, tecr\u00fcbelerini gen\u00e7lerle payla\u015farak adeta birer ilham kayna\u011f\u0131 oldular.\u00a0<a href=\"https:\/\/www.son.tv\/gelecegin-hukukculari-adaletin-zirvesiyle-bulustu\/\" target=\"_blank\" class=\"feedzy-rss-link-icon\">Read More<\/a><\/p>","protected":false},"excerpt":{"rendered":"<p>E\u011fitimde teori ile prati\u011fi birle\u015ftiren Hamitler TOK\u0130 Ticaret Mesleki ve Teknik Anadolu Lisesi, \u00f6\u011frencilerin ufkunu a\u00e7maya devam ediyor. Okulda geleneksel hale gelen Kariyer G\u00fcnleri etkinlikleri kapsam\u0131nda bu kez Adalet Alan\u0131 \u00f6\u011frencileri, yarg\u0131 d\u00fcnyas\u0131n\u0131n \u00f6nemli isimleriyle bir araya geldi. \u200b\u201dADALET SADECE KANUN DE\u011e\u0130L, V\u0130CDAN VE D\u0130S\u0130PL\u0130ND\u0130R\u201d \u200bBursa Cumhuriyet Savc\u0131s\u0131 Say\u0131n Celal Cem \u00c7i\u00e7ek ve \u0130lamat \u0130nfaz [&hellip;]<\/p>\n","protected":false},"author":1,"featured_media":22865,"comment_status":"open","ping_status":"open","sticky":false,"template":"","format":"standard","meta":{"footnotes":"","_links_to":"","_links_to_target":""},"categories":[1],"tags":[],"class_list":["post-22864","post","type-post","status-publish","format-standard","has-post-thumbnail","hentry","category-haberler"],"_links":{"self":[{"href":"https:\/\/www.abchukuk.com\/index.php\/wp-json\/wp\/v2\/posts\/22864","targetHints":{"allow":["GET"]}}],"collection":[{"href":"https:\/\/www.abchukuk.com\/index.php\/wp-json\/wp\/v2\/posts"}],"about":[{"href":"https:\/\/www.abchukuk.com\/index.php\/wp-json\/wp\/v2\/types\/post"}],"author":[{"embeddable":true,"href":"https:\/\/www.abchukuk.com\/index.php\/wp-json\/wp\/v2\/users\/1"}],"replies":[{"embeddable":true,"href":"https:\/\/www.abchukuk.com\/index.php\/wp-json\/wp\/v2\/comments?post=22864"}],"version-history":[{"count":0,"href":"https:\/\/www.abchukuk.com\/index.php\/wp-json\/wp\/v2\/posts\/22864\/revisions"}],"wp:featuredmedia":[{"embeddable":true,"href":"https:\/\/www.abchukuk.com\/index.php\/wp-json\/wp\/v2\/media\/22865"}],"wp:attachment":[{"href":"https:\/\/www.abchukuk.com\/index.php\/wp-json\/wp\/v2\/media?parent=22864"}],"wp:term":[{"taxonomy":"category","embeddable":true,"href":"https:\/\/www.abchukuk.com\/index.php\/wp-json\/wp\/v2\/categories?post=22864"},{"taxonomy":"post_tag","embeddable":true,"href":"https:\/\/www.abchukuk.com\/index.php\/wp-json\/wp\/v2\/tags?post=22864"}],"curies":[{"name":"wp","href":"https:\/\/api.w.org\/{rel}","templated":true}]}}