{"id":22855,"date":"2026-03-11T11:45:00","date_gmt":"2026-03-11T11:45:00","guid":{"rendered":"https:\/\/www.abchukuk.com\/index.php\/2026\/03\/11\/adalet-bakanligi-15-bin-personel-alimi-basvurulari-ne-zaman-basliyor-ilan-yayimlandi-mi\/"},"modified":"2026-03-11T11:45:00","modified_gmt":"2026-03-11T11:45:00","slug":"adalet-bakanligi-15-bin-personel-alimi-basvurulari-ne-zaman-basliyor-ilan-yayimlandi-mi","status":"publish","type":"post","link":"https:\/\/www.abchukuk.com\/index.php\/2026\/03\/11\/adalet-bakanligi-15-bin-personel-alimi-basvurulari-ne-zaman-basliyor-ilan-yayimlandi-mi\/","title":{"rendered":"Adalet Bakanl\u0131\u011f\u0131 15 bin personel al\u0131m\u0131 ba\u015fvurular\u0131 ne zaman ba\u015fl\u0131yor? \u0130lan yay\u0131mland\u0131 m\u0131?"},"content":{"rendered":"<p>Adalet Bakanl\u0131\u011f\u0131na 15 bin personel al\u0131nacak fakat tarihler hala netle\u015fmedi. Adaylar duyuruyu deyim yerindeyse d\u00f6rt g\u00f6zle beklerken &#8220;Adalet Bakanl\u0131\u011f\u0131 15 bin personel al\u0131m\u0131 ba\u015fvurular\u0131 ne zaman ba\u015fl\u0131yor&#8221; sorusu g\u00fcndemden d\u00fc\u015fm\u00fcyor.Adalet Bakanl\u0131\u011f\u0131na 15 bin personel al\u0131nacak fakat tarihler hala netle\u015fmedi. Adaylar duyuruyu deyim yerindeyse d\u00f6rt g\u00f6zle beklerken &#8220;Adalet Bakanl\u0131\u011f\u0131 15 bin personel al\u0131m\u0131 ba\u015fvurular\u0131 ne zaman ba\u015fl\u0131yor&#8221; sorusu g\u00fcndemden d\u00fc\u015fm\u00fcyor.\u00a0<a href=\"https:\/\/www.dunya.com\/gundem\/adalet-bakanligi-15-bin-personel-alimi-basvurulari-ne-zaman-basliyor-ilan-yayimlandi-mi-haberi-817902\" target=\"_blank\" class=\"feedzy-rss-link-icon\">Read More<\/a><\/p>","protected":false},"excerpt":{"rendered":"<p>Adalet Bakanl\u0131\u011f\u0131na 15 bin personel al\u0131nacak fakat tarihler hala netle\u015fmedi. Adaylar duyuruyu deyim yerindeyse d\u00f6rt g\u00f6zle beklerken &#8220;Adalet Bakanl\u0131\u011f\u0131 15 bin personel al\u0131m\u0131 ba\u015fvurular\u0131 ne zaman ba\u015fl\u0131yor&#8221; sorusu g\u00fcndemden d\u00fc\u015fm\u00fcyor.Adalet Bakanl\u0131\u011f\u0131na 15 bin personel al\u0131nacak fakat tarihler hala netle\u015fmedi. Adaylar duyuruyu deyim yerindeyse d\u00f6rt g\u00f6zle beklerken &#8220;Adalet Bakanl\u0131\u011f\u0131 15 bin personel al\u0131m\u0131 ba\u015fvurular\u0131 ne zaman [&hellip;]<\/p>\n","protected":false},"author":1,"featured_media":22856,"comment_status":"open","ping_status":"open","sticky":false,"template":"","format":"standard","meta":{"footnotes":"","_links_to":"","_links_to_target":""},"categories":[1],"tags":[],"class_list":["post-22855","post","type-post","status-publish","format-standard","has-post-thumbnail","hentry","category-haberler"],"_links":{"self":[{"href":"https:\/\/www.abchukuk.com\/index.php\/wp-json\/wp\/v2\/posts\/22855","targetHints":{"allow":["GET"]}}],"collection":[{"href":"https:\/\/www.abchukuk.com\/index.php\/wp-json\/wp\/v2\/posts"}],"about":[{"href":"https:\/\/www.abchukuk.com\/index.php\/wp-json\/wp\/v2\/types\/post"}],"author":[{"embeddable":true,"href":"https:\/\/www.abchukuk.com\/index.php\/wp-json\/wp\/v2\/users\/1"}],"replies":[{"embeddable":true,"href":"https:\/\/www.abchukuk.com\/index.php\/wp-json\/wp\/v2\/comments?post=22855"}],"version-history":[{"count":0,"href":"https:\/\/www.abchukuk.com\/index.php\/wp-json\/wp\/v2\/posts\/22855\/revisions"}],"wp:featuredmedia":[{"embeddable":true,"href":"https:\/\/www.abchukuk.com\/index.php\/wp-json\/wp\/v2\/media\/22856"}],"wp:attachment":[{"href":"https:\/\/www.abchukuk.com\/index.php\/wp-json\/wp\/v2\/media?parent=22855"}],"wp:term":[{"taxonomy":"category","embeddable":true,"href":"https:\/\/www.abchukuk.com\/index.php\/wp-json\/wp\/v2\/categories?post=22855"},{"taxonomy":"post_tag","embeddable":true,"href":"https:\/\/www.abchukuk.com\/index.php\/wp-json\/wp\/v2\/tags?post=22855"}],"curies":[{"name":"wp","href":"https:\/\/api.w.org\/{rel}","templated":true}]}}