{"id":22853,"date":"2026-03-11T11:56:00","date_gmt":"2026-03-11T11:56:00","guid":{"rendered":"https:\/\/www.abchukuk.com\/index.php\/2026\/03\/11\/busehr-nukleer-santralinde-alarm-rus-calisanlar-tahliye-edildi\/"},"modified":"2026-03-11T11:56:00","modified_gmt":"2026-03-11T11:56:00","slug":"busehr-nukleer-santralinde-alarm-rus-calisanlar-tahliye-edildi","status":"publish","type":"post","link":"https:\/\/www.abchukuk.com\/index.php\/2026\/03\/11\/busehr-nukleer-santralinde-alarm-rus-calisanlar-tahliye-edildi\/","title":{"rendered":"Bu\u015fehr N\u00fckleer Santrali\u2019nde alarm: Rus \u00e7al\u0131\u015fanlar tahliye edildi"},"content":{"rendered":"<p>\u0130ran\u2019daki Bu\u015fehr N\u00fckleer Santrali&#8217;nde g\u00f6rev yapan Rus personeller, ABD ve \u0130srail\u2019in sald\u0131r\u0131lar\u0131n\u0131n ard\u0131ndan artan g\u00fcvenlik endi\u015feleri nedeniyle \u00fclkeden ayr\u0131lmaya ba\u015flad\u0131. Rosatom, santralde g\u00f6revli personelin bir k\u0131sm\u0131n\u0131n tahliye edildi\u011fini a\u00e7\u0131klarken y\u00fczlerce \u00e7al\u0131\u015fan\u0131n h\u00e2l\u00e2 tesiste bulundu\u011fu bildirildi.\u0130ran\u2019daki Bu\u015fehr N\u00fckleer Santrali&#8217;nde g\u00f6rev yapan Rus personeller, ABD ve \u0130srail\u2019in sald\u0131r\u0131lar\u0131n\u0131n ard\u0131ndan artan g\u00fcvenlik endi\u015feleri nedeniyle \u00fclkeden ayr\u0131lmaya ba\u015flad\u0131. Rosatom, santralde g\u00f6revli personelin bir k\u0131sm\u0131n\u0131n tahliye edildi\u011fini a\u00e7\u0131klarken y\u00fczlerce \u00e7al\u0131\u015fan\u0131n h\u00e2l\u00e2 tesiste bulundu\u011fu bildirildi.\u00a0<a href=\"https:\/\/www.cumhuriyet.com.tr\/dunya\/busehr-nukleer-santrali-nde-alarm-rus-calisanlar-tahliye-edildi-2485898\" target=\"_blank\" class=\"feedzy-rss-link-icon\">Read More<\/a><\/p>","protected":false},"excerpt":{"rendered":"<p>\u0130ran\u2019daki Bu\u015fehr N\u00fckleer Santrali&#8217;nde g\u00f6rev yapan Rus personeller, ABD ve \u0130srail\u2019in sald\u0131r\u0131lar\u0131n\u0131n ard\u0131ndan artan g\u00fcvenlik endi\u015feleri nedeniyle \u00fclkeden ayr\u0131lmaya ba\u015flad\u0131. Rosatom, santralde g\u00f6revli personelin bir k\u0131sm\u0131n\u0131n tahliye edildi\u011fini a\u00e7\u0131klarken y\u00fczlerce \u00e7al\u0131\u015fan\u0131n h\u00e2l\u00e2 tesiste bulundu\u011fu bildirildi.\u0130ran\u2019daki Bu\u015fehr N\u00fckleer Santrali&#8217;nde g\u00f6rev yapan Rus personeller, ABD ve \u0130srail\u2019in sald\u0131r\u0131lar\u0131n\u0131n ard\u0131ndan artan g\u00fcvenlik endi\u015feleri nedeniyle \u00fclkeden ayr\u0131lmaya ba\u015flad\u0131. Rosatom, [&hellip;]<\/p>\n","protected":false},"author":1,"featured_media":22854,"comment_status":"open","ping_status":"open","sticky":false,"template":"","format":"standard","meta":{"footnotes":"","_links_to":"","_links_to_target":""},"categories":[1],"tags":[],"class_list":["post-22853","post","type-post","status-publish","format-standard","has-post-thumbnail","hentry","category-haberler"],"_links":{"self":[{"href":"https:\/\/www.abchukuk.com\/index.php\/wp-json\/wp\/v2\/posts\/22853","targetHints":{"allow":["GET"]}}],"collection":[{"href":"https:\/\/www.abchukuk.com\/index.php\/wp-json\/wp\/v2\/posts"}],"about":[{"href":"https:\/\/www.abchukuk.com\/index.php\/wp-json\/wp\/v2\/types\/post"}],"author":[{"embeddable":true,"href":"https:\/\/www.abchukuk.com\/index.php\/wp-json\/wp\/v2\/users\/1"}],"replies":[{"embeddable":true,"href":"https:\/\/www.abchukuk.com\/index.php\/wp-json\/wp\/v2\/comments?post=22853"}],"version-history":[{"count":0,"href":"https:\/\/www.abchukuk.com\/index.php\/wp-json\/wp\/v2\/posts\/22853\/revisions"}],"wp:featuredmedia":[{"embeddable":true,"href":"https:\/\/www.abchukuk.com\/index.php\/wp-json\/wp\/v2\/media\/22854"}],"wp:attachment":[{"href":"https:\/\/www.abchukuk.com\/index.php\/wp-json\/wp\/v2\/media?parent=22853"}],"wp:term":[{"taxonomy":"category","embeddable":true,"href":"https:\/\/www.abchukuk.com\/index.php\/wp-json\/wp\/v2\/categories?post=22853"},{"taxonomy":"post_tag","embeddable":true,"href":"https:\/\/www.abchukuk.com\/index.php\/wp-json\/wp\/v2\/tags?post=22853"}],"curies":[{"name":"wp","href":"https:\/\/api.w.org\/{rel}","templated":true}]}}