{"id":22844,"date":"2026-03-11T08:50:31","date_gmt":"2026-03-11T08:50:31","guid":{"rendered":"https:\/\/www.abchukuk.com\/index.php\/2026\/03\/11\/hskdan-kritik-karar-atama-mustemir-yetki-birlikte-belirleme-sistemi-son-buldu\/"},"modified":"2026-03-11T08:50:31","modified_gmt":"2026-03-11T08:50:31","slug":"hskdan-kritik-karar-atama-mustemir-yetki-birlikte-belirleme-sistemi-son-buldu","status":"publish","type":"post","link":"https:\/\/www.abchukuk.com\/index.php\/2026\/03\/11\/hskdan-kritik-karar-atama-mustemir-yetki-birlikte-belirleme-sistemi-son-buldu\/","title":{"rendered":"HSK\u2019dan kritik karar! atama + m\u00fcstemir yetki birlikte belirleme\u201d sistemi son buldu"},"content":{"rendered":"<p>H\u00e2kimler ve Savc\u0131lar Kurulu taraf\u0131ndan a\u00e7\u0131klanan 2026 Y\u0131l\u0131 Adl\u00ee ve \u0130dari Yarg\u0131 Ana Kararname ve M\u00fcstemir Yetki Takvimi ile yarg\u0131 camias\u0131nda merakla beklenen kararlar a\u00e7\u0131kland\u0131. HSK\u2019n\u0131n mazeret kararnamesinde ilk kez uygulad\u0131\u011f\u0131 \u201catama + m\u00fcstemir yetki birlikte belirleme\u201d sistemi son buldu.<\/p>\n<p>YEN\u0130 A\u00c7IKLANAN TAKV\u0130ME G\u00d6RE;<\/p>\n<p>12 Haziran Cuma g\u00fcn\u00fc kararname ilan edilecek. 12 Haziran 2026 Cuma g\u00fcn\u00fcnden, 18 Haziran 2026 Per\u015fembe g\u00fcn\u00fc mesai bitimine kadar yeniden inceleme ve m\u00fcstemir yetki talepleri al\u0131nacak. 17 Temmuz 2026 Cuma g\u00fcn\u00fc M\u00fcstemir Yetkilerin ilan\u0131 yap\u0131lacak.<\/p>\n<p>HSK, 2026 Y\u0131l\u0131 Adl\u00ee Yarg\u0131 Ana Kararname ve M\u00fcstemir Yetki Takvimi ilan etti. \u00a0HSK\u2019n\u0131n ge\u00e7ti\u011fimiz aylarda mazeret kararnamesinde ilk kez uygulad\u0131\u011f\u0131 \u201catama + m\u00fcstemir yetki birlikte belirleme\u201d sistemi son buldu. Yeni a\u00e7\u0131klanan takvime g\u00f6re, atama kararnamesi 12 Haziran\u2019da, m\u00fcstemir yetki kararnamesi ise 17 Temmuz\u2019da a\u00e7\u0131klanacak.\u00a0<a href=\"https:\/\/www.son.tv\/hskdan-kritik-karar-atama-mustemir-yetki-birlikte-belirleme-sistemi-son-buldu\/\" target=\"_blank\" class=\"feedzy-rss-link-icon\">Read More<\/a><\/p>","protected":false},"excerpt":{"rendered":"<p>H\u00e2kimler ve Savc\u0131lar Kurulu taraf\u0131ndan a\u00e7\u0131klanan 2026 Y\u0131l\u0131 Adl\u00ee ve \u0130dari Yarg\u0131 Ana Kararname ve M\u00fcstemir Yetki Takvimi ile yarg\u0131 camias\u0131nda merakla beklenen kararlar a\u00e7\u0131kland\u0131. HSK\u2019n\u0131n mazeret kararnamesinde ilk kez uygulad\u0131\u011f\u0131 \u201catama + m\u00fcstemir yetki birlikte belirleme\u201d sistemi son buldu. YEN\u0130 A\u00c7IKLANAN TAKV\u0130ME G\u00d6RE; 12 Haziran Cuma g\u00fcn\u00fc kararname ilan edilecek. 12 Haziran 2026 Cuma [&hellip;]<\/p>\n","protected":false},"author":1,"featured_media":0,"comment_status":"open","ping_status":"open","sticky":false,"template":"","format":"standard","meta":{"footnotes":"","_links_to":"","_links_to_target":""},"categories":[1],"tags":[],"class_list":["post-22844","post","type-post","status-publish","format-standard","hentry","category-haberler"],"_links":{"self":[{"href":"https:\/\/www.abchukuk.com\/index.php\/wp-json\/wp\/v2\/posts\/22844","targetHints":{"allow":["GET"]}}],"collection":[{"href":"https:\/\/www.abchukuk.com\/index.php\/wp-json\/wp\/v2\/posts"}],"about":[{"href":"https:\/\/www.abchukuk.com\/index.php\/wp-json\/wp\/v2\/types\/post"}],"author":[{"embeddable":true,"href":"https:\/\/www.abchukuk.com\/index.php\/wp-json\/wp\/v2\/users\/1"}],"replies":[{"embeddable":true,"href":"https:\/\/www.abchukuk.com\/index.php\/wp-json\/wp\/v2\/comments?post=22844"}],"version-history":[{"count":0,"href":"https:\/\/www.abchukuk.com\/index.php\/wp-json\/wp\/v2\/posts\/22844\/revisions"}],"wp:attachment":[{"href":"https:\/\/www.abchukuk.com\/index.php\/wp-json\/wp\/v2\/media?parent=22844"}],"wp:term":[{"taxonomy":"category","embeddable":true,"href":"https:\/\/www.abchukuk.com\/index.php\/wp-json\/wp\/v2\/categories?post=22844"},{"taxonomy":"post_tag","embeddable":true,"href":"https:\/\/www.abchukuk.com\/index.php\/wp-json\/wp\/v2\/tags?post=22844"}],"curies":[{"name":"wp","href":"https:\/\/api.w.org\/{rel}","templated":true}]}}