{"id":22842,"date":"2026-03-11T09:10:00","date_gmt":"2026-03-11T09:10:00","guid":{"rendered":"https:\/\/www.abchukuk.com\/index.php\/2026\/03\/11\/son-dakika-ibb-davasi-sorusuna-yanit-verdi-adalet-bakani-akin-gurlekten-canli-yayin-aciklamasi\/"},"modified":"2026-03-11T09:10:00","modified_gmt":"2026-03-11T09:10:00","slug":"son-dakika-ibb-davasi-sorusuna-yanit-verdi-adalet-bakani-akin-gurlekten-canli-yayin-aciklamasi","status":"publish","type":"post","link":"https:\/\/www.abchukuk.com\/index.php\/2026\/03\/11\/son-dakika-ibb-davasi-sorusuna-yanit-verdi-adalet-bakani-akin-gurlekten-canli-yayin-aciklamasi\/","title":{"rendered":"Son dakika&#8230; \u0130BB Davas\u0131 sorusuna yan\u0131t verdi: Adalet Bakan\u0131 Ak\u0131n G\u00fcrlek&#8217;ten &#8216;canl\u0131 yay\u0131n&#8217; a\u00e7\u0131klamas\u0131"},"content":{"rendered":"<p>Son dakika haberi&#8230; Adalet Bakan\u0131 Ak\u0131n G\u00fcrlek, MHP lideri Devlet Bah\u00e7eli&#8217;nin \u0130BB davas\u0131na y\u00f6nelik &#8220;canl\u0131 yay\u0131n&#8221; \u00e7\u0131k\u0131\u015f\u0131yla ilgili, &#8220;Davalar\u0131n canl\u0131 yay\u0131nlanmas\u0131 i\u00e7in kanun de\u011fi\u015fikli\u011fi gerekiyor. \u015eu anda mevzuat\u0131m\u0131zda b\u00f6yle bir imkan yok. Meclis takdir ederse canl\u0131 yay\u0131nlanabilir&#8221; dedi. G\u00fcrlek, isim vermeden \u0130mamo\u011flu&#8217;nu da hedef ald\u0131.Son dakika haberi&#8230; Adalet Bakan\u0131 Ak\u0131n G\u00fcrlek, MHP lideri Devlet Bah\u00e7eli&#8217;nin \u0130BB davas\u0131na y\u00f6nelik &#8220;canl\u0131 yay\u0131n&#8221; \u00e7\u0131k\u0131\u015f\u0131yla ilgili, &#8220;Davalar\u0131n canl\u0131 yay\u0131nlanmas\u0131 i\u00e7in kanun de\u011fi\u015fikli\u011fi gerekiyor. \u015eu anda mevzuat\u0131m\u0131zda b\u00f6yle bir imkan yok. Meclis takdir ederse canl\u0131 yay\u0131nlanabilir&#8221; dedi. G\u00fcrlek, isim vermeden \u0130mamo\u011flu&#8217;nu da hedef ald\u0131.\u00a0<a href=\"https:\/\/www.cumhuriyet.com.tr\/siyaset\/son-dakika-ibb-davasi-sorusuna-yanit-verdi-adalet-bakani-akin-gurlek-ten-canli-yayin-aciklamasi-2485858\" target=\"_blank\" class=\"feedzy-rss-link-icon\">Read More<\/a><\/p>","protected":false},"excerpt":{"rendered":"<p>Son dakika haberi&#8230; Adalet Bakan\u0131 Ak\u0131n G\u00fcrlek, MHP lideri Devlet Bah\u00e7eli&#8217;nin \u0130BB davas\u0131na y\u00f6nelik &#8220;canl\u0131 yay\u0131n&#8221; \u00e7\u0131k\u0131\u015f\u0131yla ilgili, &#8220;Davalar\u0131n canl\u0131 yay\u0131nlanmas\u0131 i\u00e7in kanun de\u011fi\u015fikli\u011fi gerekiyor. \u015eu anda mevzuat\u0131m\u0131zda b\u00f6yle bir imkan yok. Meclis takdir ederse canl\u0131 yay\u0131nlanabilir&#8221; dedi. G\u00fcrlek, isim vermeden \u0130mamo\u011flu&#8217;nu da hedef ald\u0131.Son dakika haberi&#8230; Adalet Bakan\u0131 Ak\u0131n G\u00fcrlek, MHP lideri Devlet Bah\u00e7eli&#8217;nin [&hellip;]<\/p>\n","protected":false},"author":1,"featured_media":22843,"comment_status":"open","ping_status":"open","sticky":false,"template":"","format":"standard","meta":{"footnotes":"","_links_to":"","_links_to_target":""},"categories":[1],"tags":[],"class_list":["post-22842","post","type-post","status-publish","format-standard","has-post-thumbnail","hentry","category-haberler"],"_links":{"self":[{"href":"https:\/\/www.abchukuk.com\/index.php\/wp-json\/wp\/v2\/posts\/22842","targetHints":{"allow":["GET"]}}],"collection":[{"href":"https:\/\/www.abchukuk.com\/index.php\/wp-json\/wp\/v2\/posts"}],"about":[{"href":"https:\/\/www.abchukuk.com\/index.php\/wp-json\/wp\/v2\/types\/post"}],"author":[{"embeddable":true,"href":"https:\/\/www.abchukuk.com\/index.php\/wp-json\/wp\/v2\/users\/1"}],"replies":[{"embeddable":true,"href":"https:\/\/www.abchukuk.com\/index.php\/wp-json\/wp\/v2\/comments?post=22842"}],"version-history":[{"count":0,"href":"https:\/\/www.abchukuk.com\/index.php\/wp-json\/wp\/v2\/posts\/22842\/revisions"}],"wp:featuredmedia":[{"embeddable":true,"href":"https:\/\/www.abchukuk.com\/index.php\/wp-json\/wp\/v2\/media\/22843"}],"wp:attachment":[{"href":"https:\/\/www.abchukuk.com\/index.php\/wp-json\/wp\/v2\/media?parent=22842"}],"wp:term":[{"taxonomy":"category","embeddable":true,"href":"https:\/\/www.abchukuk.com\/index.php\/wp-json\/wp\/v2\/categories?post=22842"},{"taxonomy":"post_tag","embeddable":true,"href":"https:\/\/www.abchukuk.com\/index.php\/wp-json\/wp\/v2\/tags?post=22842"}],"curies":[{"name":"wp","href":"https:\/\/api.w.org\/{rel}","templated":true}]}}