{"id":22840,"date":"2026-03-11T09:13:00","date_gmt":"2026-03-11T09:13:00","guid":{"rendered":"https:\/\/www.abchukuk.com\/index.php\/2026\/03\/11\/adalet-bakani-gurlekten-ibb-davasi-aciklamasi-mahkemeler-siyasi-sov-yapma-yeri-degil\/"},"modified":"2026-03-11T09:13:00","modified_gmt":"2026-03-11T09:13:00","slug":"adalet-bakani-gurlekten-ibb-davasi-aciklamasi-mahkemeler-siyasi-sov-yapma-yeri-degil","status":"publish","type":"post","link":"https:\/\/www.abchukuk.com\/index.php\/2026\/03\/11\/adalet-bakani-gurlekten-ibb-davasi-aciklamasi-mahkemeler-siyasi-sov-yapma-yeri-degil\/","title":{"rendered":"Adalet Bakan\u0131 G\u00fcrlek&#8217;ten \u0130BB Davas\u0131 A\u00e7\u0131klamas\u0131: &#8216;Mahkemeler Siyasi \u015eov Yapma Yeri De\u011fil&#8217;"},"content":{"rendered":"<p><a href=\"https:\/\/www.gercekgundem.com\/guncel\/adalet-bakani-gurlekten-ibb-davasi-aciklamasi-mahkemeler-siyasi-sov-yapma-yeri-degil-567930\"><br \/>\n                                                            <img decoding=\"async\" src=\"https:\/\/i.gercekgundem.com\/2\/150\/84\/storage\/files\/images\/2026\/03\/11\/adalet-bakani-gurlekten-ibb-davasi-aciklamasi-mahkemeler-siyasi-sov-yapma-yeri-degil-qojx.jpg\" width=\"150\" height=\"84\" border=\"0\" align=\"right\" \/><br \/>\n                                                    <\/a><\/p>\n<h4>Adalet Bakan\u0131 Ak\u0131n G\u00fcrlek, AK Parti Grup Toplant\u0131s\u0131 \u00f6ncesi gazetecilerin sorular\u0131n\u0131 yan\u0131tlad\u0131. G\u00fcrlek, \u0130BB davas\u0131n\u0131n canl\u0131 yay\u0131nlanmas\u0131na y\u00f6nelik &#8220;Canl\u0131 yay\u0131nlanmas\u0131 i\u00e7in kanun de\u011fi\u015fikli\u011fi gerekiyor. \u015eu an mevzuat\u0131m\u0131zda canl\u0131 yay\u0131mlanmas\u0131na imkan yok&#8221; a\u00e7\u0131klamas\u0131n\u0131 yapt\u0131.<\/h4>\n<p>Adalet Bakan\u0131 Ak\u0131n G\u00fcrlek, AK Parti Grup Toplant\u0131s\u0131 \u00f6ncesi gazetecilerin sorular\u0131n\u0131 yan\u0131tlad\u0131. G\u00fcrlek, \u0130BB davas\u0131n\u0131n canl\u0131 yay\u0131nlanmas\u0131na y\u00f6nelik &#8220;Canl\u0131 yay\u0131nlanmas\u0131 i\u00e7in kanun de\u011fi\u015fikli\u011fi gerekiyor. \u015eu an mevzuat\u0131m\u0131zda canl\u0131 yay\u0131mlanmas\u0131na imkan yok&#8221; a\u00e7\u0131klamas\u0131n\u0131 yapt\u0131.\u00a0<a href=\"https:\/\/www.gercekgundem.com\/guncel\/adalet-bakani-gurlekten-ibb-davasi-aciklamasi-mahkemeler-siyasi-sov-yapma-yeri-degil-567930\" target=\"_blank\" class=\"feedzy-rss-link-icon\">Read More<\/a><\/p>","protected":false},"excerpt":{"rendered":"<p>Adalet Bakan\u0131 Ak\u0131n G\u00fcrlek, AK Parti Grup Toplant\u0131s\u0131 \u00f6ncesi gazetecilerin sorular\u0131n\u0131 yan\u0131tlad\u0131. G\u00fcrlek, \u0130BB davas\u0131n\u0131n canl\u0131 yay\u0131nlanmas\u0131na y\u00f6nelik &#8220;Canl\u0131 yay\u0131nlanmas\u0131 i\u00e7in kanun de\u011fi\u015fikli\u011fi gerekiyor. \u015eu an mevzuat\u0131m\u0131zda canl\u0131 yay\u0131mlanmas\u0131na imkan yok&#8221; a\u00e7\u0131klamas\u0131n\u0131 yapt\u0131. Adalet Bakan\u0131 Ak\u0131n G\u00fcrlek, AK Parti Grup Toplant\u0131s\u0131 \u00f6ncesi gazetecilerin sorular\u0131n\u0131 yan\u0131tlad\u0131. G\u00fcrlek, \u0130BB davas\u0131n\u0131n canl\u0131 yay\u0131nlanmas\u0131na y\u00f6nelik &#8220;Canl\u0131 yay\u0131nlanmas\u0131 i\u00e7in kanun [&hellip;]<\/p>\n","protected":false},"author":1,"featured_media":22841,"comment_status":"open","ping_status":"open","sticky":false,"template":"","format":"standard","meta":{"footnotes":"","_links_to":"","_links_to_target":""},"categories":[1],"tags":[],"class_list":["post-22840","post","type-post","status-publish","format-standard","has-post-thumbnail","hentry","category-haberler"],"_links":{"self":[{"href":"https:\/\/www.abchukuk.com\/index.php\/wp-json\/wp\/v2\/posts\/22840","targetHints":{"allow":["GET"]}}],"collection":[{"href":"https:\/\/www.abchukuk.com\/index.php\/wp-json\/wp\/v2\/posts"}],"about":[{"href":"https:\/\/www.abchukuk.com\/index.php\/wp-json\/wp\/v2\/types\/post"}],"author":[{"embeddable":true,"href":"https:\/\/www.abchukuk.com\/index.php\/wp-json\/wp\/v2\/users\/1"}],"replies":[{"embeddable":true,"href":"https:\/\/www.abchukuk.com\/index.php\/wp-json\/wp\/v2\/comments?post=22840"}],"version-history":[{"count":0,"href":"https:\/\/www.abchukuk.com\/index.php\/wp-json\/wp\/v2\/posts\/22840\/revisions"}],"wp:featuredmedia":[{"embeddable":true,"href":"https:\/\/www.abchukuk.com\/index.php\/wp-json\/wp\/v2\/media\/22841"}],"wp:attachment":[{"href":"https:\/\/www.abchukuk.com\/index.php\/wp-json\/wp\/v2\/media?parent=22840"}],"wp:term":[{"taxonomy":"category","embeddable":true,"href":"https:\/\/www.abchukuk.com\/index.php\/wp-json\/wp\/v2\/categories?post=22840"},{"taxonomy":"post_tag","embeddable":true,"href":"https:\/\/www.abchukuk.com\/index.php\/wp-json\/wp\/v2\/tags?post=22840"}],"curies":[{"name":"wp","href":"https:\/\/api.w.org\/{rel}","templated":true}]}}