{"id":22838,"date":"2026-03-11T09:17:00","date_gmt":"2026-03-11T09:17:00","guid":{"rendered":"https:\/\/www.abchukuk.com\/index.php\/2026\/03\/11\/turgay-genc-kimdir-eski-dosemealti-belediye-baskani-turgay-genc-neden-gozaltina-alindi\/"},"modified":"2026-03-11T09:17:00","modified_gmt":"2026-03-11T09:17:00","slug":"turgay-genc-kimdir-eski-dosemealti-belediye-baskani-turgay-genc-neden-gozaltina-alindi","status":"publish","type":"post","link":"https:\/\/www.abchukuk.com\/index.php\/2026\/03\/11\/turgay-genc-kimdir-eski-dosemealti-belediye-baskani-turgay-genc-neden-gozaltina-alindi\/","title":{"rendered":"Turgay Gen\u00e7 kimdir? Eski D\u00f6\u015femealt\u0131 Belediye Ba\u015fkan\u0131 Turgay Gen\u00e7 neden g\u00f6zalt\u0131na al\u0131nd\u0131?"},"content":{"rendered":"<p>Antalya&#8217;da D\u00f6\u015femealt\u0131 Belediyesi&#8217;ne y\u00f6nelik soru\u015fturma kapsam\u0131nda, aralar\u0131nda eski belediye ba\u015fkan\u0131 Turgay Gen\u00e7&#8217;in de yer ald\u0131\u011f\u0131 22 ki\u015fi hakk\u0131nda g\u00f6zalt\u0131 karar\u0131 verildi. Peki, Turgay Gen\u00e7 kimdir? Eski D\u00f6\u015femealt\u0131 Belediye Ba\u015fkan\u0131 Turgay Gen\u00e7 neden g\u00f6zalt\u0131na al\u0131nd\u0131?Antalya&#8217;da D\u00f6\u015femealt\u0131 Belediyesi&#8217;ne y\u00f6nelik soru\u015fturma kapsam\u0131nda, aralar\u0131nda eski belediye ba\u015fkan\u0131 Turgay Gen\u00e7&#8217;in de yer ald\u0131\u011f\u0131 22 ki\u015fi hakk\u0131nda g\u00f6zalt\u0131 karar\u0131 verildi. Peki, Turgay Gen\u00e7 kimdir? Eski D\u00f6\u015femealt\u0131 Belediye Ba\u015fkan\u0131 Turgay Gen\u00e7 neden g\u00f6zalt\u0131na al\u0131nd\u0131?\u00a0<a href=\"https:\/\/www.cumhuriyet.com.tr\/turkiye\/turgay-genc-kimdir-eski-dosemealti-belediye-baskani-turgay-genc-neden-gozaltina-alindi-2485860\" target=\"_blank\" class=\"feedzy-rss-link-icon\">Read More<\/a><\/p>","protected":false},"excerpt":{"rendered":"<p>Antalya&#8217;da D\u00f6\u015femealt\u0131 Belediyesi&#8217;ne y\u00f6nelik soru\u015fturma kapsam\u0131nda, aralar\u0131nda eski belediye ba\u015fkan\u0131 Turgay Gen\u00e7&#8217;in de yer ald\u0131\u011f\u0131 22 ki\u015fi hakk\u0131nda g\u00f6zalt\u0131 karar\u0131 verildi. Peki, Turgay Gen\u00e7 kimdir? Eski D\u00f6\u015femealt\u0131 Belediye Ba\u015fkan\u0131 Turgay Gen\u00e7 neden g\u00f6zalt\u0131na al\u0131nd\u0131?Antalya&#8217;da D\u00f6\u015femealt\u0131 Belediyesi&#8217;ne y\u00f6nelik soru\u015fturma kapsam\u0131nda, aralar\u0131nda eski belediye ba\u015fkan\u0131 Turgay Gen\u00e7&#8217;in de yer ald\u0131\u011f\u0131 22 ki\u015fi hakk\u0131nda g\u00f6zalt\u0131 karar\u0131 verildi. Peki, [&hellip;]<\/p>\n","protected":false},"author":1,"featured_media":22839,"comment_status":"open","ping_status":"open","sticky":false,"template":"","format":"standard","meta":{"footnotes":"","_links_to":"","_links_to_target":""},"categories":[1],"tags":[],"class_list":["post-22838","post","type-post","status-publish","format-standard","has-post-thumbnail","hentry","category-haberler"],"_links":{"self":[{"href":"https:\/\/www.abchukuk.com\/index.php\/wp-json\/wp\/v2\/posts\/22838","targetHints":{"allow":["GET"]}}],"collection":[{"href":"https:\/\/www.abchukuk.com\/index.php\/wp-json\/wp\/v2\/posts"}],"about":[{"href":"https:\/\/www.abchukuk.com\/index.php\/wp-json\/wp\/v2\/types\/post"}],"author":[{"embeddable":true,"href":"https:\/\/www.abchukuk.com\/index.php\/wp-json\/wp\/v2\/users\/1"}],"replies":[{"embeddable":true,"href":"https:\/\/www.abchukuk.com\/index.php\/wp-json\/wp\/v2\/comments?post=22838"}],"version-history":[{"count":0,"href":"https:\/\/www.abchukuk.com\/index.php\/wp-json\/wp\/v2\/posts\/22838\/revisions"}],"wp:featuredmedia":[{"embeddable":true,"href":"https:\/\/www.abchukuk.com\/index.php\/wp-json\/wp\/v2\/media\/22839"}],"wp:attachment":[{"href":"https:\/\/www.abchukuk.com\/index.php\/wp-json\/wp\/v2\/media?parent=22838"}],"wp:term":[{"taxonomy":"category","embeddable":true,"href":"https:\/\/www.abchukuk.com\/index.php\/wp-json\/wp\/v2\/categories?post=22838"},{"taxonomy":"post_tag","embeddable":true,"href":"https:\/\/www.abchukuk.com\/index.php\/wp-json\/wp\/v2\/tags?post=22838"}],"curies":[{"name":"wp","href":"https:\/\/api.w.org\/{rel}","templated":true}]}}